{"id":153567,"date":"2026-04-14T14:08:10","date_gmt":"2026-04-14T14:08:10","guid":{"rendered":"https:\/\/www.europesays.com\/ee\/153567\/"},"modified":"2026-04-14T14:08:10","modified_gmt":"2026-04-14T14:08:10","slug":"the-telegraphi-muuk-sai-briti-voimudelt-rohelise-tule-valismaa","status":"publish","type":"post","link":"https:\/\/www.europesays.com\/ee\/153567\/","title":{"rendered":"The Telegraphi m\u00fc\u00fck sai Briti v\u00f5imudelt rohelise tule | V\u00e4lismaa"},"content":{"rendered":"<p>The Telegraphi m\u00fc\u00fck sai Suurbritannia v\u00f5imudelt rohelise tule ning Saksamaa meediakontsern Axel Springer ostab 575 miljoni naela eest \u00fche Briti vanima ja m\u00f5jukaima ajalehe.<\/p>\n<p>Kultuuriminister Lisa Nandy teatas alamkojale, et andis Abu Dhabi toetatud investorile RedBird IMI loa m\u00fc\u00fca ajalehe aktsiad Axel Springerile.\u00a0<\/p>\n<p>Axel Springeri tegevjuht Mathias D\u00f6pfner tervitas otsust ja lubas s\u00e4ilitada The Telegraphi Briti identiteedi.<\/p>\n<p>&#8220;Meil on hea meel, et saime \u00dchendkuningriigi valitsuselt selle heakskiidu. The Telegraph liitub \u00fclemaailmse v\u00f5rgustikuga, mis on p\u00fchendunud s\u00f5ltumatule ajakirjandusele, s\u00e4ilitades samal ajal oma eristuva toimetusliku h\u00e4\u00e4le ja Briti identiteedi,&#8221; \u00fctles D\u00f6pfner.<\/p>\n<p>Kultuuriminister Lisa Nandy otsusega ei oota tehingut ka regulatiivne uurimine, mis oleks tehingu l\u00f5puleviimist mitme kuu v\u00f5rra edasi l\u00fckanud.<\/p>\n<p>Axel Springer tegutseb 40 riigis, kontserni kuuluvad ka Saksa suurim leht Bild, ajaleht Welt ja veebiv\u00e4ljaanne Politico. Selle ingliskeelsetel v\u00e4ljaannetel on aga Suurbritannias v\u00e4ike turuosa ning seet\u00f5ttu ei tekita tehing konkurentsiga seotud k\u00fcsimusi.<\/p>\n<p>Ajaleht <a href=\"https:\/\/www.telegraph.co.uk\/business\/2026\/04\/14\/telegraph-takeover-by-axel-springer-wins-approval\/\" target=\"_blank\" rel=\"noopener nofollow\">The Telegraph<\/a> kirjutab, et toimetus tervitas viimast v\u00f5imude otsust, kuna sellega l\u00f5ppes ebakindluse periood, mis algas 2023. aastal. Toona pidi Barclay perekond lehe maha m\u00fc\u00fcma ja lehe kontroll l\u00e4ks pankade k\u00e4tte. J\u00e4rgnes ebakindluse ajastu ning Briti valitsus muretses, et m\u00f5jukas leht v\u00f5ib sattuda v\u00e4lisriigi kontrolli alla. Viimase tehinguga on aga ajalehe omanik kindlalt paigas ja leht peaks suutma s\u00e4ilitada toimetusliku s\u00f5ltumatuse.<\/p>\n<p>1855. aastal asutatud The Telegraph toetas Brexitit ning on s\u00e4ilitanud oma arvamuslugudes\u00a0 euroskeptilise joone. Axel Springeri juht Mathias D\u00f6pfner on Euroopa-meelne, kuid ta on j\u00e4rjepidevalt kritiseerinud EL-i institutsioone.<\/p>\n","protected":false},"excerpt":{"rendered":"The Telegraphi m\u00fc\u00fck sai Suurbritannia v\u00f5imudelt rohelise tule ning Saksamaa meediakontsern Axel Springer ostab 575 miljoni naela eest&hellip;\n","protected":false},"author":2,"featured_media":153568,"comment_status":"","ping_status":"","sticky":false,"template":"","format":"standard","meta":{"footnotes":"","_share_on_mastodon":"0"},"categories":[80],"tags":[56761,26,27,37,33,35,34,36,31,32,21,28,29,95,588,19,25,51,660,23308,23,24,22,20,30,92,93,94],"class_list":["post-153567","post","type-post","status-publish","format-standard","has-post-thumbnail","category-maailm","tag-axel-springer","tag-breaking-news","tag-breakingnews","tag-ee","tag-eesti","tag-eesti-keel","tag-estonia","tag-estonian","tag-featured-news","tag-featurednews","tag-headlines","tag-latest-news","tag-latestnews","tag-maailm","tag-meedia","tag-news","tag-populaarseimad-lood","tag-saksamaa","tag-suurbritannia","tag-the-telegraph","tag-top-stories","tag-topstories","tag-uldised-uudised","tag-uudised","tag-viimased-uudised","tag-world","tag-world-news","tag-worldnews"],"share_on_mastodon":{"url":"https:\/\/pubeurope.com\/@ee\/116403457509875710","error":""},"_links":{"self":[{"href":"https:\/\/www.europesays.com\/ee\/wp-json\/wp\/v2\/posts\/153567","targetHints":{"allow":["GET"]}}],"collection":[{"href":"https:\/\/www.europesays.com\/ee\/wp-json\/wp\/v2\/posts"}],"about":[{"href":"https:\/\/www.europesays.com\/ee\/wp-json\/wp\/v2\/types\/post"}],"author":[{"embeddable":true,"href":"https:\/\/www.europesays.com\/ee\/wp-json\/wp\/v2\/users\/2"}],"replies":[{"embeddable":true,"href":"https:\/\/www.europesays.com\/ee\/wp-json\/wp\/v2\/comments?post=153567"}],"version-history":[{"count":0,"href":"https:\/\/www.europesays.com\/ee\/wp-json\/wp\/v2\/posts\/153567\/revisions"}],"wp:featuredmedia":[{"embeddable":true,"href":"https:\/\/www.europesays.com\/ee\/wp-json\/wp\/v2\/media\/153568"}],"wp:attachment":[{"href":"https:\/\/www.europesays.com\/ee\/wp-json\/wp\/v2\/media?parent=153567"}],"wp:term":[{"taxonomy":"category","embeddable":true,"href":"https:\/\/www.europesays.com\/ee\/wp-json\/wp\/v2\/categories?post=153567"},{"taxonomy":"post_tag","embeddable":true,"href":"https:\/\/www.europesays.com\/ee\/wp-json\/wp\/v2\/tags?post=153567"}],"curies":[{"name":"wp","href":"https:\/\/api.w.org\/{rel}","templated":true}]}}