{"id":153949,"date":"2026-04-15T05:32:10","date_gmt":"2026-04-15T05:32:10","guid":{"rendered":"https:\/\/www.europesays.com\/ee\/153949\/"},"modified":"2026-04-15T05:32:10","modified_gmt":"2026-04-15T05:32:10","slug":"digitaalne-vaigistamine-on-hullumeelne-sisulooja-krispoisi-kontolt-on-ootamatult-kadunud-mitmed-videod","status":"publish","type":"post","link":"https:\/\/www.europesays.com\/ee\/153949\/","title":{"rendered":"\u201eDigitaalne vaigistamine on hullumeelne.\u201c Sisulooja Krispoisi kontolt on ootamatult kadunud mitmed videod"},"content":{"rendered":"<p>Kirspoisi (p\u00e4risnimega Kris L\u00fc\u00fcsi) TikToki platvormilt on viimastel p\u00e4evadel kadunud mitu videot, kuna nende vastu on p\u00f5hjuseta kaebusi esitatud. \u201eMa ei ole midagi ise maha v\u00f5tnud,\u201c \u00fctles Krispoiss \u00fchismeedias, lisades, et ka koost\u00f6\u00f6de raames tehtud videod on kadunud kui tina tuhka.<\/p>\n<p>\u201eDigitaalne vaigistamine on hullumeelne ja sellisel asjal sisuloojana, kus minu teguala on internet, mina minna ei lase,\u201c kirjeldas Krispoiss olukorda. <\/p>\n<p>Oled juba tellija?Logi sisse<\/p>\n<p><a href=\"https:\/\/kroonika.delfi.ee\/artikkel\/120568707\/digitaalne-vaigistamine-on-hullumeelne-sisulooja-krispoisi-kontolt-on-ootamatult-kadunud-mitmed-videod\/kommentaarid\" class=\"article-body-bottom__comment article-body-bottom__comment--write button button--primary button--size-auto\" rel=\"nofollow noopener\" target=\"_blank\"> Kommenteeri <\/a><a href=\"https:\/\/kroonika.delfi.ee\/artikkel\/120568707\/digitaalne-vaigistamine-on-hullumeelne-sisulooja-krispoisi-kontolt-on-ootamatult-kadunud-mitmed-videod\/kommentaarid\" class=\"article-body-bottom__comment article-body-bottom__comment--read button button--size-auto\" rel=\"nofollow noopener\" target=\"_blank\"> Loe kommentaare (23)<\/a><\/p>\n","protected":false},"excerpt":{"rendered":"Kirspoisi (p\u00e4risnimega Kris L\u00fc\u00fcsi) TikToki platvormilt on viimastel p\u00e4evadel kadunud mitu videot, kuna nende vastu on p\u00f5hjuseta kaebusi&hellip;\n","protected":false},"author":2,"featured_media":153950,"comment_status":"","ping_status":"","sticky":false,"template":"","format":"standard","meta":{"footnotes":"","_share_on_mastodon":"0"},"categories":[16],"tags":[37,33,35,173,34,36,12521,5286,140],"class_list":["post-153949","post","type-post","status-publish","format-standard","has-post-thumbnail","category-meelelahutus","tag-ee","tag-eesti","tag-eesti-keel","tag-entertainment","tag-estonia","tag-estonian","tag-kris-karner","tag-krispoiss","tag-meelelahutus"],"share_on_mastodon":{"url":"https:\/\/pubeurope.com\/@ee\/116407090922842390","error":""},"_links":{"self":[{"href":"https:\/\/www.europesays.com\/ee\/wp-json\/wp\/v2\/posts\/153949","targetHints":{"allow":["GET"]}}],"collection":[{"href":"https:\/\/www.europesays.com\/ee\/wp-json\/wp\/v2\/posts"}],"about":[{"href":"https:\/\/www.europesays.com\/ee\/wp-json\/wp\/v2\/types\/post"}],"author":[{"embeddable":true,"href":"https:\/\/www.europesays.com\/ee\/wp-json\/wp\/v2\/users\/2"}],"replies":[{"embeddable":true,"href":"https:\/\/www.europesays.com\/ee\/wp-json\/wp\/v2\/comments?post=153949"}],"version-history":[{"count":0,"href":"https:\/\/www.europesays.com\/ee\/wp-json\/wp\/v2\/posts\/153949\/revisions"}],"wp:featuredmedia":[{"embeddable":true,"href":"https:\/\/www.europesays.com\/ee\/wp-json\/wp\/v2\/media\/153950"}],"wp:attachment":[{"href":"https:\/\/www.europesays.com\/ee\/wp-json\/wp\/v2\/media?parent=153949"}],"wp:term":[{"taxonomy":"category","embeddable":true,"href":"https:\/\/www.europesays.com\/ee\/wp-json\/wp\/v2\/categories?post=153949"},{"taxonomy":"post_tag","embeddable":true,"href":"https:\/\/www.europesays.com\/ee\/wp-json\/wp\/v2\/tags?post=153949"}],"curies":[{"name":"wp","href":"https:\/\/api.w.org\/{rel}","templated":true}]}}