{"id":154015,"date":"2026-04-15T07:26:06","date_gmt":"2026-04-15T07:26:06","guid":{"rendered":"https:\/\/www.europesays.com\/ee\/154015\/"},"modified":"2026-04-15T07:26:06","modified_gmt":"2026-04-15T07:26:06","slug":"trump-teatas-et-on-senise-suure-sobra-giorgia-meloni-iraani-sojast-korvale-hoidumise-parast-sokeeritud","status":"publish","type":"post","link":"https:\/\/www.europesays.com\/ee\/154015\/","title":{"rendered":"Trump teatas, et on senise suure s\u00f5bra Giorgia Meloni Iraani s\u00f5jast k\u00f5rvale hoidumise p\u00e4rast \u0161okeeritud"},"content":{"rendered":"<p>\u201eMa olen temast \u0161okeeritud. Ma arvasin, et tal on julgust, aga ma eksisin,\u201c lausus Trump intervjuus Itaalia ajalehele Corriere della Sera, vahendab Guardian.<\/p>\n<p>Trumpi r\u00fcnnak tuli ajal, kui Meloni \u00fctles, et tema parem\u00e4\u00e4rmuslik valitsus peatab Itaalia-<a rel=\"noopener nofollow\" target=\"_blank\" href=\"https:\/\/www.delfi.ee\/teema\/23674619\/iisrael\" tag-id=\"23674619\">Iisraeli<\/a> kaitsekoost\u00f6\u00f6kokkuleppe automaatse uuenemise \u201epraeguse olukorra valguses\u201c.<\/p>\n<p>\u201eGiorgia Meloni ei taha meid s\u00f5jas aidata. Ma olen \u0161okeeritud,\u201c teatas Trump. \u201eKas inimestele meeldib see, et teie president ei tee midagi nafta saamiseks? Kas talle meeldib see? Ma ei suuda ette kujutada.\u201c<\/p>\n<p>Pinged Itaalia ja USA vahel suurenesid viimastel p\u00e4evadel p\u00e4rast seda, kui Trump hakkas kritiseerima <a rel=\"noopener nofollow\" target=\"_blank\" href=\"https:\/\/www.delfi.ee\/teema\/96869260\/paavst-leo-xiv\" tag-id=\"96869260\">paavst Leo XIV<\/a>. Trump kuulutas, et tema arvates ei tee <a rel=\"noopener nofollow\" target=\"_blank\" href=\"https:\/\/www.delfi.ee\/teema\/24425357\/chicago\" tag-id=\"24425357\">Chicagos<\/a> s\u00fcndinud paavst head t\u00f6\u00f6d ja peaks l\u00f5petama vasak\u00e4\u00e4rmuslaste toetamise.<\/p>\n<p>Meloni kritiseeris Trumpi avaldusi paavsti kohta, nimetades neid vastuv\u00f5etamatuteks. Meloni lisas, et ei tunneks end mugavalt \u00fchiskonnas, kui usujuhtidelt oodatakse poliitiliste juhtide kursi j\u00e4rgimist.<\/p>\n<p>\u201eTema on see, kes on vastuv\u00f5etamatu,\u201c \u00fctles Trump Meloni kohta. \u201eSest ta ei hooli, kas Iraanil on tuumarelv ja laseks Itaalia kahe minutiga \u00f5hku, kui tal v\u00f5imalus oleks.\u201c<\/p>\n<p>Vaatamata diplomaatilistele pingetele nimetas Meloni <a rel=\"noopener nofollow\" target=\"_blank\" href=\"https:\/\/www.delfi.ee\/teema\/82789297\/washington\" tag-id=\"82789297\">Washingtoni<\/a> prioriteetseks liitlaseks, aga lisas, et alliansid n\u00f5uavad avameelsust: \u201eKui te olete s\u00f5brad, eriti strateegilised liitlased, peab teil olema ka julgust \u00f6elda, kui te ei n\u00f5ustu.\u201c<\/p>\n<p>Melonit on ka kodumaal tabanud kasvav kriitika, sealhulgas oma valijate hulgas, l\u00e4heduse t\u00f5ttu Trumpiga ja soovimatuse eest Iisraeli tegevust hukka m\u00f5ista.<\/p>\n<p>Itaalia avalikkus tunneb kasvavat muret Iraani s\u00f5ja laiemate m\u00f5jude, eriti majanduslike p\u00e4rast.<\/p>\n<p>\u201eSee on \u00fcmberpositsioneerumine,\u201c \u00fctles <a rel=\"noopener nofollow\" target=\"_blank\" href=\"https:\/\/www.delfi.ee\/teema\/28931929\/rooma\" tag-id=\"28931929\">Rooma<\/a> Luissi \u00fclikooli poliitikaajaloolane Lorenzo Castellani Reutersile. \u201eTa [Meloni] kardab, et suur osa valijaskonnast, isegi parentsentristlikust, muutub Trumpi ja Natanyahu ning selle Iraani-vastase s\u00f5ja majanduslike m\u00f5jude suhtes \u00fclimalt kriitiliseks.\u201c<\/p>\n<p>Kuidas see lugu Sind end tundma pani? Saada <a href=\"https:\/\/www.delfi.ee\/artikkel\/120568733\/trump-teatas-et-on-senise-suure-sobra-giorgia-meloni-iraani-sojast-korvale-hoidumise-parast-sokeeritud\/kommentaarid\" class=\"article-body-bottom__comment article-body-bottom__comment--write button button--primary button--size-auto\" rel=\"nofollow noopener\" target=\"_blank\"> Kommenteeri <\/a><a href=\"https:\/\/www.delfi.ee\/artikkel\/120568733\/trump-teatas-et-on-senise-suure-sobra-giorgia-meloni-iraani-sojast-korvale-hoidumise-parast-sokeeritud\/kommentaarid\" class=\"article-body-bottom__comment article-body-bottom__comment--read button button--size-auto\" rel=\"nofollow noopener\" target=\"_blank\"> Loe kommentaare (35)<\/a><\/p>\n","protected":false},"excerpt":{"rendered":"\u201eMa olen temast \u0161okeeritud. Ma arvasin, et tal on julgust, aga ma eksisin,\u201c lausus Trump intervjuus Itaalia ajalehele&hellip;\n","protected":false},"author":2,"featured_media":154016,"comment_status":"","ping_status":"","sticky":false,"template":"","format":"standard","meta":{"footnotes":"","_share_on_mastodon":"0"},"categories":[80],"tags":[621,26,27,1891,324,37,33,35,34,36,31,32,2368,21,619,1925,109,28,29,95,19,10493,25,2367,23,24,22,325,20,30,2405,92,93,94],"class_list":["post-154015","post","type-post","status-publish","format-standard","has-post-thumbnail","category-maailm","tag-benjamin-netanyahu","tag-breaking-news","tag-breakingnews","tag-chicago","tag-donald-trump","tag-ee","tag-eesti","tag-eesti-keel","tag-estonia","tag-estonian","tag-featured-news","tag-featurednews","tag-giorgia-meloni","tag-headlines","tag-iisrael","tag-iraan","tag-itaalia","tag-latest-news","tag-latestnews","tag-maailm","tag-news","tag-paavst-leo-xiv","tag-populaarseimad-lood","tag-rooma","tag-top-stories","tag-topstories","tag-uldised-uudised","tag-usa","tag-uudised","tag-viimased-uudised","tag-washington","tag-world","tag-world-news","tag-worldnews"],"share_on_mastodon":{"url":"","error":"Validation failed: Text character limit of 500 exceeded"},"_links":{"self":[{"href":"https:\/\/www.europesays.com\/ee\/wp-json\/wp\/v2\/posts\/154015","targetHints":{"allow":["GET"]}}],"collection":[{"href":"https:\/\/www.europesays.com\/ee\/wp-json\/wp\/v2\/posts"}],"about":[{"href":"https:\/\/www.europesays.com\/ee\/wp-json\/wp\/v2\/types\/post"}],"author":[{"embeddable":true,"href":"https:\/\/www.europesays.com\/ee\/wp-json\/wp\/v2\/users\/2"}],"replies":[{"embeddable":true,"href":"https:\/\/www.europesays.com\/ee\/wp-json\/wp\/v2\/comments?post=154015"}],"version-history":[{"count":0,"href":"https:\/\/www.europesays.com\/ee\/wp-json\/wp\/v2\/posts\/154015\/revisions"}],"wp:featuredmedia":[{"embeddable":true,"href":"https:\/\/www.europesays.com\/ee\/wp-json\/wp\/v2\/media\/154016"}],"wp:attachment":[{"href":"https:\/\/www.europesays.com\/ee\/wp-json\/wp\/v2\/media?parent=154015"}],"wp:term":[{"taxonomy":"category","embeddable":true,"href":"https:\/\/www.europesays.com\/ee\/wp-json\/wp\/v2\/categories?post=154015"},{"taxonomy":"post_tag","embeddable":true,"href":"https:\/\/www.europesays.com\/ee\/wp-json\/wp\/v2\/tags?post=154015"}],"curies":[{"name":"wp","href":"https:\/\/api.w.org\/{rel}","templated":true}]}}