{"id":154111,"date":"2026-04-15T09:58:08","date_gmt":"2026-04-15T09:58:08","guid":{"rendered":"https:\/\/www.europesays.com\/ee\/154111\/"},"modified":"2026-04-15T09:58:08","modified_gmt":"2026-04-15T09:58:08","slug":"euroopa-gaasi-hind-langes-iraani-soja-alguse-tasemele-majandus","status":"publish","type":"post","link":"https:\/\/www.europesays.com\/ee\/154111\/","title":{"rendered":"Euroopa gaasi hind langes Iraani s\u00f5ja alguse tasemele | Majandus"},"content":{"rendered":"<p>Euroopas m\u00fc\u00fcdava maagaasi hinda kajastava Hollandi TTF b\u00f6rsi hind langes kolmap\u00e4eval sama taseme l\u00e4hedale, mis see oli esimesel kauplemisp\u00e4eval p\u00e4rast USA ja Iisraeli alustatud r\u00fcnnakuid Iraanile.<\/p>\n<p>TTF-i gaasihind oli kolmap\u00e4eval 43,3 eurot megavatt-tunni (MWh) kohta. Esmasp\u00e4eval, 2. m\u00e4rtsil oli see 44,5 eurot. Samas reedel, 27. veebruaril \u2013 p\u00e4ev enne, kui USA ja Iisrael alustasid \u00f5hur\u00fcnnakuid Iraanile \u2013 oli TTF-i tulevikuhind sulgunud tasemel 31,96 eurot.<\/p>\n<p>TTF-i gaasi hind on ka varem s\u00f5ja ajal kukkunud ja siis uuesti t\u00f5usnud \u2013 seda vastavalt s\u00f5ja kulgemisele ning USA presidendi Donald Trumpi s\u00f5numitele s\u00f5ja kohta.<\/p>\n<p>Viimane madalpunkt oli 10. aprillil, kui j\u00f5ustus USA ja Iraani vaheline relvarahu \u2013 siis sulgus TTF-i b\u00f6rsihind 43,6 euro tasemel.<\/p>\n<p>Gaasi ja ka nafta maailmaturu hinda m\u00f5jutab Iraani otsus mitte lubada tankereid l\u00e4bi Hormuzi v\u00e4ina, mida tavaolukorras l\u00e4bis umbes viiendik maailmas tarbitavast naftast ja gaasist. See on t\u00f5stnud nafta hinda umbes 50 protsendi v\u00f5rra ning kergitanud j\u00e4rsult ka gaasi hinda.<\/p>\n<p>TTF-i futuuride k\u00f5rgeim hind oli 19. m\u00e4rtsil, kui see j\u00f5udis 69,3 euro tasemele.<\/p>\n<p>Gaasi hind m\u00f5jutab otseselt Euroopa majandust, kuna lisaks k\u00fcttele kasutatakse seda ka paljuski ka elektri tootmiseks, mist\u00f5ttu t\u00f5usevad ka elektri hinnad.<\/p>\n","protected":false},"excerpt":{"rendered":"Euroopas m\u00fc\u00fcdava maagaasi hinda kajastava Hollandi TTF b\u00f6rsi hind langes kolmap\u00e4eval sama taseme l\u00e4hedale, mis see oli esimesel&hellip;\n","protected":false},"author":2,"featured_media":154112,"comment_status":"","ping_status":"","sticky":false,"template":"","format":"standard","meta":{"footnotes":"","_share_on_mastodon":"0"},"categories":[80],"tags":[26,27,37,33,35,34,36,31,32,25606,21,28,29,2894,95,19,25,23,24,7381,22,20,30,92,93,94],"class_list":["post-154111","post","type-post","status-publish","format-standard","has-post-thumbnail","category-maailm","tag-breaking-news","tag-breakingnews","tag-ee","tag-eesti","tag-eesti-keel","tag-estonia","tag-estonian","tag-featured-news","tag-featurednews","tag-gaasi-hind","tag-headlines","tag-latest-news","tag-latestnews","tag-lng","tag-maailm","tag-news","tag-populaarseimad-lood","tag-top-stories","tag-topstories","tag-ttf","tag-uldised-uudised","tag-uudised","tag-viimased-uudised","tag-world","tag-world-news","tag-worldnews"],"share_on_mastodon":{"url":"https:\/\/pubeurope.com\/@ee\/116408136699746022","error":""},"_links":{"self":[{"href":"https:\/\/www.europesays.com\/ee\/wp-json\/wp\/v2\/posts\/154111","targetHints":{"allow":["GET"]}}],"collection":[{"href":"https:\/\/www.europesays.com\/ee\/wp-json\/wp\/v2\/posts"}],"about":[{"href":"https:\/\/www.europesays.com\/ee\/wp-json\/wp\/v2\/types\/post"}],"author":[{"embeddable":true,"href":"https:\/\/www.europesays.com\/ee\/wp-json\/wp\/v2\/users\/2"}],"replies":[{"embeddable":true,"href":"https:\/\/www.europesays.com\/ee\/wp-json\/wp\/v2\/comments?post=154111"}],"version-history":[{"count":0,"href":"https:\/\/www.europesays.com\/ee\/wp-json\/wp\/v2\/posts\/154111\/revisions"}],"wp:featuredmedia":[{"embeddable":true,"href":"https:\/\/www.europesays.com\/ee\/wp-json\/wp\/v2\/media\/154112"}],"wp:attachment":[{"href":"https:\/\/www.europesays.com\/ee\/wp-json\/wp\/v2\/media?parent=154111"}],"wp:term":[{"taxonomy":"category","embeddable":true,"href":"https:\/\/www.europesays.com\/ee\/wp-json\/wp\/v2\/categories?post=154111"},{"taxonomy":"post_tag","embeddable":true,"href":"https:\/\/www.europesays.com\/ee\/wp-json\/wp\/v2\/tags?post=154111"}],"curies":[{"name":"wp","href":"https:\/\/api.w.org\/{rel}","templated":true}]}}