{"id":154497,"date":"2026-04-15T19:34:23","date_gmt":"2026-04-15T19:34:23","guid":{"rendered":"https:\/\/www.europesays.com\/ee\/154497\/"},"modified":"2026-04-15T19:34:23","modified_gmt":"2026-04-15T19:34:23","slug":"oigeusu-kirik-on-nordinud-kapo-aastaraamatusse-sattumise-parast","status":"publish","type":"post","link":"https:\/\/www.europesays.com\/ee\/154497\/","title":{"rendered":"\u00d5igeusu Kirik on n\u00f6rdinud KAPO aastaraamatusse sattumise p\u00e4rast"},"content":{"rendered":"<p>Eesti Kristlik \u00d5igeusu Kirik (EK\u00d5K) v\u00e4ljendab s\u00fcgavat muret seoses kiriku mainimisega Kaitsepolitsei (KAPO) aastaraamatus ning sellele j\u00e4rgnenud artiklitega meediav\u00e4ljaannetes, mille pealkirjad kujutasid olukorda sensatsiooniliselt ja \u00fchek\u00fclgselt, kirjutab BNS.<\/p>\n<p>\u201cErilist muret tekitab asjaolu, et EK\u00d5K-i mainimine aastaraamatu p\u00f5hiseadusliku korra kaitse peat\u00fckis toimub l\u00f5petamata kohtumenetluse taustal. Riigikogu poolt vastu v\u00f5etud kirikute ja koguduste seaduse muudatused j\u00e4id presidendi poolt v\u00e4lja kuulutamata ning on praegu Riigikohtu menetluses p\u00f5hiseadusele vastavuse kontrollimiseks. Sellises olukorras tundub meile tendentslik ja avalikku arvamust m\u00f5jutada p\u00fc\u00fcdev samm, lisada kirik p\u00f5hiseadusliku korra vastaseid ohte k\u00e4sitlevasse peat\u00fckki ajal, kui kohtuasi on arutlusel,\u201d seisab kiriku avalikus p\u00f6\u00f6rdumuses.<\/p>\n<p>\u201cKiriku eesm\u00e4rk on Eestis elavate \u00f5igeusklike vaimulik teenimine. Kiriku kuulutus kasvatab koguduse liikmetes armastust jumala ja ligimese vastu ning Kiriku tegevus toimub Eesti seadusandluse raames. Meie kiriku kogudused osalevad Eesti \u00fchiskondlikus ja heategevuslikus elus. Alates Venemaa t\u00e4iemahulise sissetungi algusest Ukrainasse on EK\u00d5K korduvalt s\u00f5ja hukka m\u00f5istnud ning oma seisukohta avalikult v\u00e4ljendanud. K\u00f5igis meie kogudustes palvetatakse pidevalt rahu eest ja s\u00f5ja v\u00f5imalikult kiire l\u00f5ppemise eest,\u201d seisab p\u00f6\u00f6rdumises.<\/p>\n<p>\u201cKiriku eestseisjaks on metropoliit Eugeni. Kehtiva seadusandluse ja kanoonilistele normidele vastavalt on volitused kiriklik-administratiivseteks toiminguteks Eesti territooriumil hetkel \u00fcle antud vikaarpiiskoppidele, kes teostavad seda juhtimist vastavalt Kiriku nimel v\u00e4lja antud volikirjadele. Samaaegselt peame vajalikuks l\u00fckata \u00fcmber aastaraamatus esitatud v\u00e4ite, et EK\u00d5K tegevust juhib ja koordineerib Moskva Patriarhaadi l\u00e4hiv\u00e4lismaade piiskopkondade osakond patriarh Kirilli nimel. See v\u00e4ide ei vasta t\u00f5ele. Meie siseelu, haldusotsused ja karjasetegevus toimuvad iseseisvalt, ilma igasuguse v\u00e4lise juhtimise v\u00f5i koordineerimiseta V\u00d5K-i struktuuride poolt,\u201d selgitas kirik.<\/p>\n<p>\u201cOleme korduvalt v\u00e4ljendanud oma valmisolekut avatuks ja konstruktiivseks koost\u00f6\u00f6ks k\u00f5igi riigiasutustega, sealhulgas j\u00f5ustruktuuridega. Samas oleme sunnitud t\u00f5dema, et ei Siseministeerium ega selle allasutus politsei- ja piirivalveamet ei esita EK\u00d5K juhtkonnale p\u00e4ringuid isikute kohta, kelle suhtes on otsused kaalumisel v\u00f5i juba vastu v\u00f5etud. Veelgi enam, sageli ei saa asjaomased isikud ise \u00f5igeagselt ametlikku teavitust nende suhtes v\u00f5etud meetmete kohta, r\u00e4\u00e4kimata v\u00f5imalusest esitada vastuv\u00e4iteid, kui aluseks olev teave ei vasta t\u00f5ele. M\u00f5nel juhul said nii Kiriku juhtkond kui asjaomased vaimulikud vastavate otsuste kohta teada ajakirjanikelt varem, kui need ilmusid ametlikesse registritesse,\u201d m\u00e4rkis kirik.<\/p>\n<p>\u201cOleme veendunud, et j\u00f5ustruktuuride \u00f5igeaegne ja konstruktiivne koost\u00f6\u00f6 Kiriku juhtkonnaga oleks oluliselt produktiivsem kui eesm\u00e4rgiks on \u00fchiskonna julgeoleku tagamine ja selle konsolideerimine. M\u00f5istes riikliku julgeoleku k\u00fcsimuste t\u00e4htsust ja jagades vastutust Eesti \u00fchiskonna stabiilsuse eest, kutsume \u00fcles avatud ja konstruktiivsele dialoogile,\u201d seisab kiriku avalikus p\u00f6\u00f6rdumises.<\/p>\n","protected":false},"excerpt":{"rendered":"Eesti Kristlik \u00d5igeusu Kirik (EK\u00d5K) v\u00e4ljendab s\u00fcgavat muret seoses kiriku mainimisega Kaitsepolitsei (KAPO) aastaraamatus ning sellele j\u00e4rgnenud artiklitega&hellip;\n","protected":false},"author":2,"featured_media":154498,"comment_status":"","ping_status":"","sticky":false,"template":"","format":"standard","meta":{"footnotes":"","_share_on_mastodon":"0"},"categories":[12],"tags":[33342,37079,72979,26,27,37,33,35,5758,34,36,31,32,21,3846,29033,28,29,19,25,23,24,22,20,30],"class_list":["post-154497","post","type-post","status-publish","format-standard","has-post-thumbnail","category-eesti","tag-aastaraamat","tag-artiklid","tag-avalik-poordumine","tag-breaking-news","tag-breakingnews","tag-ee","tag-eesti","tag-eesti-keel","tag-eesti-kristlik-oigeusu-kirik","tag-estonia","tag-estonian","tag-featured-news","tag-featurednews","tag-headlines","tag-kaitsepolitsei","tag-kirik","tag-latest-news","tag-latestnews","tag-news","tag-populaarseimad-lood","tag-top-stories","tag-topstories","tag-uldised-uudised","tag-uudised","tag-viimased-uudised"],"share_on_mastodon":{"url":"https:\/\/pubeurope.com\/@ee\/116410401800171574","error":""},"_links":{"self":[{"href":"https:\/\/www.europesays.com\/ee\/wp-json\/wp\/v2\/posts\/154497","targetHints":{"allow":["GET"]}}],"collection":[{"href":"https:\/\/www.europesays.com\/ee\/wp-json\/wp\/v2\/posts"}],"about":[{"href":"https:\/\/www.europesays.com\/ee\/wp-json\/wp\/v2\/types\/post"}],"author":[{"embeddable":true,"href":"https:\/\/www.europesays.com\/ee\/wp-json\/wp\/v2\/users\/2"}],"replies":[{"embeddable":true,"href":"https:\/\/www.europesays.com\/ee\/wp-json\/wp\/v2\/comments?post=154497"}],"version-history":[{"count":0,"href":"https:\/\/www.europesays.com\/ee\/wp-json\/wp\/v2\/posts\/154497\/revisions"}],"wp:featuredmedia":[{"embeddable":true,"href":"https:\/\/www.europesays.com\/ee\/wp-json\/wp\/v2\/media\/154498"}],"wp:attachment":[{"href":"https:\/\/www.europesays.com\/ee\/wp-json\/wp\/v2\/media?parent=154497"}],"wp:term":[{"taxonomy":"category","embeddable":true,"href":"https:\/\/www.europesays.com\/ee\/wp-json\/wp\/v2\/categories?post=154497"},{"taxonomy":"post_tag","embeddable":true,"href":"https:\/\/www.europesays.com\/ee\/wp-json\/wp\/v2\/tags?post=154497"}],"curies":[{"name":"wp","href":"https:\/\/api.w.org\/{rel}","templated":true}]}}