{"id":154589,"date":"2026-04-15T22:41:08","date_gmt":"2026-04-15T22:41:08","guid":{"rendered":"https:\/\/www.europesays.com\/ee\/154589\/"},"modified":"2026-04-15T22:41:08","modified_gmt":"2026-04-15T22:41:08","slug":"video-henri-drelli-koduklubi-sai-eurosarja-veerandfinaalis-dramaatilise-kaotuse","status":"publish","type":"post","link":"https:\/\/www.europesays.com\/ee\/154589\/","title":{"rendered":"VIDEO | Henri Drelli koduklubi sai eurosarja veerandfinaalis dramaatilise kaotuse"},"content":{"rendered":"<p>AEK v\u00f5itis avaveerandi 20:18, kuid poolajavileks p\u00e4\u00e4ses juhtima Badalona tulemusega 40:34. Kolmanda neljandikuga suutis kodumeeskond vaid punkti v\u00f5rra l\u00e4hemale tulla (55:50) ning hispaanlased juhtisid ka enamuse l\u00f5puveerandist. <\/p>\n<p>AEK j\u00f5udis viigini (65:65) alles poolteist minutit enne l\u00f5ppu p\u00e4rast 6:0 vahespurti. Seej\u00e4rel tabas Joventuti m\u00e4ngumees Jabari Parker kaks vabaviset, kuid Frank Bartley vastas sellele t\u00e4pse kaugviskega. J\u00e4rgmisel hispaanlaste r\u00fcnnakul eksis Cameron Hunt kolmesel ja Dimitris Katsivelis t\u00f5i AEK-le l\u00e4bimurdest veel kaks punkti. <\/p>\n<p>Badalonal j\u00e4i m\u00e4ngu p\u00e4\u00e4stmiseks pool minutit, ent Jabar kaotas siis r\u00fcnnakul palli ning vabaviskejoonele p\u00e4\u00e4senud James Nunnally viis AEK juba viie punktiga, 72:67 ette. Selle tulemusega kohtumine l\u00f5ppeski.<\/p>\n<p>Badalona parimad olid Jabari Parker 22 ja <a rel=\"noopener nofollow\" target=\"_blank\" href=\"https:\/\/www.delfi.ee\/teema\/56500268\/ricky-rubio\" tag-id=\"56500268\">Ricky Rubio<\/a> 17 punktiga. Drell sai t\u00e4na m\u00e4nguaega \u00fcheksa minutit ning punktiarvet ei avanud. \u00dchel kahepunktiviskel eksinud eestlase arvele kogunes kolm lauapalli, \u00fcks resultatiine s\u00f6\u00f6t ja kaks viga.<\/p>\n<p>Meistrite liigas on lisaks AEK-le nelja parema hulka j\u00f5udnud ka Vilniuse Rytas ja Unicaja. Viimase finaalturniiril osaleja selgitavad t\u00e4na hilis\u00f5htul Tenerife ja Galatatasaray. <\/p>\n<p>Meistrite liiga finaalturniir peetakse mais Badalona kodusaalis.<\/p>\n<p>Kuidas see lugu Sind end tundma pani? Saada <a href=\"https:\/\/sport.delfi.ee\/artikkel\/120568942\/henri-drelli-koduklubi-sai-eurosarja-veerandfinaalis-dramaatilise-kaotuse\/kommentaarid\" class=\"article-body-bottom__comment article-body-bottom__comment--write button button--primary button--size-auto\" rel=\"nofollow noopener\" target=\"_blank\"> Kommenteeri <\/a><a href=\"https:\/\/sport.delfi.ee\/artikkel\/120568942\/henri-drelli-koduklubi-sai-eurosarja-veerandfinaalis-dramaatilise-kaotuse\/kommentaarid\" class=\"article-body-bottom__comment article-body-bottom__comment--read button button--size-auto\" rel=\"nofollow noopener\" target=\"_blank\"> Loe kommentaare (4)<\/a><\/p>\n","protected":false},"excerpt":{"rendered":"AEK v\u00f5itis avaveerandi 20:18, kuid poolajavileks p\u00e4\u00e4ses juhtima Badalona tulemusega 40:34. Kolmanda neljandikuga suutis kodumeeskond vaid punkti v\u00f5rra&hellip;\n","protected":false},"author":2,"featured_media":154479,"comment_status":"","ping_status":"","sticky":false,"template":"","format":"standard","meta":{"footnotes":"","_share_on_mastodon":"0"},"categories":[18],"tags":[37,33,35,34,36,41,1513,171,159,158],"class_list":["post-154589","post","type-post","status-publish","format-standard","has-post-thumbnail","category-sport","tag-ee","tag-eesti","tag-eesti-keel","tag-estonia","tag-estonian","tag-henri-drell","tag-korvpall","tag-ricky-rubio","tag-sport","tag-sports"],"share_on_mastodon":{"url":"https:\/\/pubeurope.com\/@ee\/116411137087828691","error":""},"_links":{"self":[{"href":"https:\/\/www.europesays.com\/ee\/wp-json\/wp\/v2\/posts\/154589","targetHints":{"allow":["GET"]}}],"collection":[{"href":"https:\/\/www.europesays.com\/ee\/wp-json\/wp\/v2\/posts"}],"about":[{"href":"https:\/\/www.europesays.com\/ee\/wp-json\/wp\/v2\/types\/post"}],"author":[{"embeddable":true,"href":"https:\/\/www.europesays.com\/ee\/wp-json\/wp\/v2\/users\/2"}],"replies":[{"embeddable":true,"href":"https:\/\/www.europesays.com\/ee\/wp-json\/wp\/v2\/comments?post=154589"}],"version-history":[{"count":0,"href":"https:\/\/www.europesays.com\/ee\/wp-json\/wp\/v2\/posts\/154589\/revisions"}],"wp:featuredmedia":[{"embeddable":true,"href":"https:\/\/www.europesays.com\/ee\/wp-json\/wp\/v2\/media\/154479"}],"wp:attachment":[{"href":"https:\/\/www.europesays.com\/ee\/wp-json\/wp\/v2\/media?parent=154589"}],"wp:term":[{"taxonomy":"category","embeddable":true,"href":"https:\/\/www.europesays.com\/ee\/wp-json\/wp\/v2\/categories?post=154589"},{"taxonomy":"post_tag","embeddable":true,"href":"https:\/\/www.europesays.com\/ee\/wp-json\/wp\/v2\/tags?post=154589"}],"curies":[{"name":"wp","href":"https:\/\/api.w.org\/{rel}","templated":true}]}}