{"id":154598,"date":"2026-04-15T22:55:09","date_gmt":"2026-04-15T22:55:09","guid":{"rendered":"https:\/\/www.europesays.com\/ee\/154598\/"},"modified":"2026-04-15T22:55:09","modified_gmt":"2026-04-15T22:55:09","slug":"mm-i-finaalis-manginud-kuyt-sidus-end-dordrechtiga-sama-pikaks-ajaks-kui-vetkal-soccernet-ee","status":"publish","type":"post","link":"https:\/\/www.europesays.com\/ee\/154598\/","title":{"rendered":"MM-i finaalis m\u00e4nginud Kuyt sidus end Dordrechtiga sama pikaks ajaks kui Vetkal &#8211; Soccernet.ee"},"content":{"rendered":"<p><img decoding=\"async\" src=\"https:\/\/www.europesays.com\/ee\/wp-content\/uploads\/2026\/04\/1776270479.jpg\" alt=\"Dirk Kuyt. Foto: Scanpix \/ Nick Koole \/ VK Sportphoto \/ Alamy\"\/>&#13;\n<\/p>\n<p>Martin Vetkali koduklubi Dordrecht pikendas kahe aasta v\u00f5rra lepingut peatreener Dirk Kuytiga (45). Uus kontraht kehtib 2028. aasta juunini, t\u00e4pselt nii kauaks on end varasemast klubiga sidunud ka Eesti koondise poolkaitsja Vetkal.<\/p>\n<p>Kuyt l\u00f5i m\u00e4ngijana Hollandi koondises 104 m\u00e4nguga 24 v\u00e4ravat ning kuulus 2010. aasta MM-i finaalis p\u00f5hikoosseisu. Klubidest esindas ta teiste seas Liverpooli, Feyenoordi ja Fenerbahcet. Treenerit\u00f6\u00f6d on ta teinud seni Hollandi ja Belgia klubides, Dordrechti hakkas ta juhendama mullu suvel.&#13;\n<\/p>\n<p>Samuti mullu suvel Dordrechtiga liitunud Vetkal on p\u00e4\u00e4senud sel hooajal Hollandi esiliigas Kuyti k\u00e4e all p\u00f5hikoosseisu 21 korda, sekkunud vahetusest 10 korda ja j\u00e4\u00e4nud algusest l\u00f5puni pingile 3 kohtumises.&#13;\n<\/p>\n<p>Dordrecht paikneb kaks vooru enne hooaja l\u00f5ppu Hollandi esiliigas k\u00fcmnendal kohal.<\/p>\n","protected":false},"excerpt":{"rendered":"&#13; Martin Vetkali koduklubi Dordrecht pikendas kahe aasta v\u00f5rra lepingut peatreener Dirk Kuytiga (45). Uus kontraht kehtib 2028.&hellip;\n","protected":false},"author":2,"featured_media":154599,"comment_status":"","ping_status":"","sticky":false,"template":"","format":"standard","meta":{"footnotes":"","_share_on_mastodon":"0"},"categories":[18],"tags":[73012,4971,37,33,35,34,36,6476,73013,4973,159,158,4976],"class_list":["post-154598","post","type-post","status-publish","format-standard","has-post-thumbnail","category-sport","tag-dirk-kuyt","tag-dordrecht","tag-ee","tag-eesti","tag-eesti-keel","tag-estonia","tag-estonian","tag-hollandi-esiliiga","tag-kuyt","tag-martin-vetkal","tag-sport","tag-sports","tag-vetkal"],"share_on_mastodon":{"url":"https:\/\/pubeurope.com\/@ee\/116411192144795406","error":""},"_links":{"self":[{"href":"https:\/\/www.europesays.com\/ee\/wp-json\/wp\/v2\/posts\/154598","targetHints":{"allow":["GET"]}}],"collection":[{"href":"https:\/\/www.europesays.com\/ee\/wp-json\/wp\/v2\/posts"}],"about":[{"href":"https:\/\/www.europesays.com\/ee\/wp-json\/wp\/v2\/types\/post"}],"author":[{"embeddable":true,"href":"https:\/\/www.europesays.com\/ee\/wp-json\/wp\/v2\/users\/2"}],"replies":[{"embeddable":true,"href":"https:\/\/www.europesays.com\/ee\/wp-json\/wp\/v2\/comments?post=154598"}],"version-history":[{"count":0,"href":"https:\/\/www.europesays.com\/ee\/wp-json\/wp\/v2\/posts\/154598\/revisions"}],"wp:featuredmedia":[{"embeddable":true,"href":"https:\/\/www.europesays.com\/ee\/wp-json\/wp\/v2\/media\/154599"}],"wp:attachment":[{"href":"https:\/\/www.europesays.com\/ee\/wp-json\/wp\/v2\/media?parent=154598"}],"wp:term":[{"taxonomy":"category","embeddable":true,"href":"https:\/\/www.europesays.com\/ee\/wp-json\/wp\/v2\/categories?post=154598"},{"taxonomy":"post_tag","embeddable":true,"href":"https:\/\/www.europesays.com\/ee\/wp-json\/wp\/v2\/tags?post=154598"}],"curies":[{"name":"wp","href":"https:\/\/api.w.org\/{rel}","templated":true}]}}