{"id":154646,"date":"2026-04-16T02:28:18","date_gmt":"2026-04-16T02:28:18","guid":{"rendered":"https:\/\/www.europesays.com\/ee\/154646\/"},"modified":"2026-04-16T02:28:18","modified_gmt":"2026-04-16T02:28:18","slug":"ulevaade-%e2%9f%a9-ukraina-rajas-platsdarmi-vene-varitankerite-kimbutamiseks-vahemerel","status":"publish","type":"post","link":"https:\/\/www.europesays.com\/ee\/154646\/","title":{"rendered":"\u00dcLEVAADE \u27e9 Ukraina rajas platsdarmi Vene varitankerite kimbutamiseks Vahemerel"},"content":{"rendered":"<p>Prantsuse rahvusringh\u00e4\u00e4lingu raadiojaama (RFI) kahe \u00abh\u00e4sti informeeritud\u00bb kohaliku allika andmetel viibib Liib\u00fcas praegu \u00fcle 200 Ukraina s\u00f5duri ja kaitsevaldkonna eksperdi. Peaasjalikult v\u00f5\u00f5rustab neid riigi loodeosas Mi\u015fr\u0101tah\u200b&#8217; linnas asuv \u00f5huv\u00e4e akadeemia, kus tegutsevad lisaks neile ka T\u00fcrgi, Itaalia ning USA Aafrika v\u00e4ejuhatuse s\u00f5durid. Samuti asub seal \u00dchendkuningriigi luurepunkt.<\/p>\n<p>V\u00e4idetavalt p\u00e4\u00e4sevad Ukraina relvaj\u00f5ud ligi ka pealinnast Tripolist poolesaja kilomeetri jagu l\u00e4\u00e4nes asuvale \u00f5hu- ja meredroonide stardipaigale Az-Z\u0101wiyah\u200b\u2019 linnas, mille l\u00e4histel asub ka Mellitah\u2019 nafta- ja gaasikompleks, mis on \u00fcks riigi suuremaid energiarajatisi.<\/p>\n","protected":false},"excerpt":{"rendered":"Prantsuse rahvusringh\u00e4\u00e4lingu raadiojaama (RFI) kahe \u00abh\u00e4sti informeeritud\u00bb kohaliku allika andmetel viibib Liib\u00fcas praegu \u00fcle 200 Ukraina s\u00f5duri ja&hellip;\n","protected":false},"author":2,"featured_media":154647,"comment_status":"","ping_status":"","sticky":false,"template":"","format":"standard","meta":{"footnotes":"","_share_on_mastodon":"0"},"categories":[5],"tags":[26,27,37,33,35,34,36,31,32,21,28,29,4368,3635,19,25,7281,23,24,262,22,20,6810,96,30],"class_list":["post-154646","post","type-post","status-publish","format-standard","has-post-thumbnail","category-uldised-uudised","tag-breaking-news","tag-breakingnews","tag-ee","tag-eesti","tag-eesti-keel","tag-estonia","tag-estonian","tag-featured-news","tag-featurednews","tag-headlines","tag-latest-news","tag-latestnews","tag-liibua","tag-meredroon","tag-news","tag-populaarseimad-lood","tag-tanker","tag-top-stories","tag-topstories","tag-ukraina","tag-uldised-uudised","tag-uudised","tag-varilaevastik","tag-venemaa","tag-viimased-uudised"],"share_on_mastodon":{"url":"https:\/\/pubeurope.com\/@ee\/116412029727033102","error":""},"_links":{"self":[{"href":"https:\/\/www.europesays.com\/ee\/wp-json\/wp\/v2\/posts\/154646","targetHints":{"allow":["GET"]}}],"collection":[{"href":"https:\/\/www.europesays.com\/ee\/wp-json\/wp\/v2\/posts"}],"about":[{"href":"https:\/\/www.europesays.com\/ee\/wp-json\/wp\/v2\/types\/post"}],"author":[{"embeddable":true,"href":"https:\/\/www.europesays.com\/ee\/wp-json\/wp\/v2\/users\/2"}],"replies":[{"embeddable":true,"href":"https:\/\/www.europesays.com\/ee\/wp-json\/wp\/v2\/comments?post=154646"}],"version-history":[{"count":0,"href":"https:\/\/www.europesays.com\/ee\/wp-json\/wp\/v2\/posts\/154646\/revisions"}],"wp:featuredmedia":[{"embeddable":true,"href":"https:\/\/www.europesays.com\/ee\/wp-json\/wp\/v2\/media\/154647"}],"wp:attachment":[{"href":"https:\/\/www.europesays.com\/ee\/wp-json\/wp\/v2\/media?parent=154646"}],"wp:term":[{"taxonomy":"category","embeddable":true,"href":"https:\/\/www.europesays.com\/ee\/wp-json\/wp\/v2\/categories?post=154646"},{"taxonomy":"post_tag","embeddable":true,"href":"https:\/\/www.europesays.com\/ee\/wp-json\/wp\/v2\/tags?post=154646"}],"curies":[{"name":"wp","href":"https:\/\/api.w.org\/{rel}","templated":true}]}}