{"id":154662,"date":"2026-04-16T03:09:07","date_gmt":"2026-04-16T03:09:07","guid":{"rendered":"https:\/\/www.europesays.com\/ee\/154662\/"},"modified":"2026-04-16T03:09:07","modified_gmt":"2026-04-16T03:09:07","slug":"anthropic-loi-kogemata-uliohtliku-kuberrelva-ria-analuutik-kui-see-on-tosi-siis-kubermaailm-muutub-2","status":"publish","type":"post","link":"https:\/\/www.europesays.com\/ee\/154662\/","title":{"rendered":"Anthropic l\u00f5i kogemata \u00fcliohtliku k\u00fcberrelva. RIA anal\u00fc\u00fctik: kui see on t\u00f5si, siis k\u00fcbermaailm muutub"},"content":{"rendered":"<p>Sealjuures ei pidanud AI-firma Anthropic uus mudel olema tugev turvan\u00f5rkuste leidmises, vaid see ilmnes k\u00f5rvaln\u00e4huna. Tegu on aga seejuures hea ja halva uudisega. Kui \u00fchelt poolt v\u00f5imaldab Anthropicu uus mudel leida k\u00fcbermaailmas ohte, mida inimsilm aastak\u00fcmneid ei m\u00e4rganud, siis valedes k\u00e4tes v\u00f5ib see osutuda \u00fcliohtlikuks. Seet\u00f5ttu andis Anthropic selle esmalt suurte tehnoloogiafirmade k\u00e4tte, et need vead \u00fcles otsiksid ja s\u00fcsteemid turvalisemaks lapiksid. Eriti arvestades, et tehnoloogia v\u00f5idujooksus t\u00f5otavad ka teised j\u00f5uda selle tasemeni.<\/p>\n<p>\u201eAnthropicu Mythos Preview on avaliku info kohaselt v\u00e4ga v\u00f5imekas mudel, kuid peale nende enda materjali usaldusv\u00e4\u00e4rsed t\u00f5endid selle kohta puuduvad. Juhul kui see, mida ettev\u00f5te v\u00e4idab, t\u00f5eks osutub, muutub k\u00fcberturbele l\u00e4henemine fundamentaalselt,\u201c s\u00f5nas riigi infos\u00fcsteemi ameti (<a rel=\"noopener nofollow\" target=\"_blank\" href=\"https:\/\/www.delfi.ee\/teema\/96860303\/ria\" tag-id=\"96860303\">RIA<\/a>) anal\u00fc\u00fcsi- ja ennetusosakonna anal\u00fc\u00fctik Anett P\u00e4rismaa.<\/p>\n<p>Oled juba tellija?Logi sisse<\/p>\n<p><a href=\"https:\/\/arileht.delfi.ee\/artikkel\/120568736\/anthropic-loi-kogemata-uliohtliku-kuberrelva-ria-analuutik-kui-see-on-tosi-siis-kubermaailm-muutub\/kommentaarid\" class=\"article-body-bottom__comment article-body-bottom__comment--write button button--primary button--size-auto\" rel=\"nofollow noopener\" target=\"_blank\"> Kommenteeri <\/a><a href=\"https:\/\/arileht.delfi.ee\/artikkel\/120568736\/anthropic-loi-kogemata-uliohtliku-kuberrelva-ria-analuutik-kui-see-on-tosi-siis-kubermaailm-muutub\/kommentaarid\" class=\"article-body-bottom__comment article-body-bottom__comment--read button button--size-auto\" rel=\"nofollow noopener\" target=\"_blank\"> Loe kommentaare (2)<\/a><\/p>\n","protected":false},"excerpt":{"rendered":"Sealjuures ei pidanud AI-firma Anthropic uus mudel olema tugev turvan\u00f5rkuste leidmises, vaid see ilmnes k\u00f5rvaln\u00e4huna. Tegu on aga&hellip;\n","protected":false},"author":2,"featured_media":154643,"comment_status":"","ping_status":"","sticky":false,"template":"","format":"standard","meta":{"footnotes":"","_share_on_mastodon":"0"},"categories":[14],"tags":[7582,131,130,32207,37,33,35,34,36,401,10567,373],"class_list":["post-154662","post","type-post","status-publish","format-standard","has-post-thumbnail","category-ari","tag-anthropic","tag-ari","tag-business","tag-cisco","tag-ee","tag-eesti","tag-eesti-keel","tag-estonia","tag-estonian","tag-kuberturvalisus","tag-ria","tag-tehisintellekt"],"share_on_mastodon":{"url":"https:\/\/pubeurope.com\/@ee\/116412190730521062","error":""},"_links":{"self":[{"href":"https:\/\/www.europesays.com\/ee\/wp-json\/wp\/v2\/posts\/154662","targetHints":{"allow":["GET"]}}],"collection":[{"href":"https:\/\/www.europesays.com\/ee\/wp-json\/wp\/v2\/posts"}],"about":[{"href":"https:\/\/www.europesays.com\/ee\/wp-json\/wp\/v2\/types\/post"}],"author":[{"embeddable":true,"href":"https:\/\/www.europesays.com\/ee\/wp-json\/wp\/v2\/users\/2"}],"replies":[{"embeddable":true,"href":"https:\/\/www.europesays.com\/ee\/wp-json\/wp\/v2\/comments?post=154662"}],"version-history":[{"count":0,"href":"https:\/\/www.europesays.com\/ee\/wp-json\/wp\/v2\/posts\/154662\/revisions"}],"wp:featuredmedia":[{"embeddable":true,"href":"https:\/\/www.europesays.com\/ee\/wp-json\/wp\/v2\/media\/154643"}],"wp:attachment":[{"href":"https:\/\/www.europesays.com\/ee\/wp-json\/wp\/v2\/media?parent=154662"}],"wp:term":[{"taxonomy":"category","embeddable":true,"href":"https:\/\/www.europesays.com\/ee\/wp-json\/wp\/v2\/categories?post=154662"},{"taxonomy":"post_tag","embeddable":true,"href":"https:\/\/www.europesays.com\/ee\/wp-json\/wp\/v2\/tags?post=154662"}],"curies":[{"name":"wp","href":"https:\/\/api.w.org\/{rel}","templated":true}]}}