{"id":154677,"date":"2026-04-16T03:55:18","date_gmt":"2026-04-16T03:55:18","guid":{"rendered":"https:\/\/www.europesays.com\/ee\/154677\/"},"modified":"2026-04-16T03:55:18","modified_gmt":"2026-04-16T03:55:18","slug":"lufthansa-streik-jatab-ara-ka-koik-kolmapaevaks-plaanitud-tallinna-ja-frankfurdi-vahelised-lennud","status":"publish","type":"post","link":"https:\/\/www.europesays.com\/ee\/154677\/","title":{"rendered":"Lufthansa streik j\u00e4tab \u00e4ra ka k\u00f5ik kolmap\u00e4evaks plaanitud Tallinna ja Frankfurdi vahelised lennud"},"content":{"rendered":"<p><a rel=\"noopener nofollow\" target=\"_blank\" href=\"https:\/\/www.delfi.ee\/teema\/34363295\/tallinna-lennujaam\" tag-id=\"34363295\">Tallinna lennujaam<\/a> andis esmasp\u00e4eval teada, et samal p\u00e4eval toimunud Lufthansa lennud (saabumine Tallinna kell 12.45 ja v\u00e4ljumine kell 13.54) olid veel graafikuj\u00e4rgsed, kuid k\u00f5ik \u00fclej\u00e4\u00e4nud esmasp\u00e4eval toimuma pidanud lennud t\u00fchistati. Samuti olid t\u00fchistatud k\u00f5ik teisip\u00e4evased Lufthansa lennud Tallinna ja Frankfurdi vahel.  <\/p>\n<p>Lennujaam andis teada, et Lufthansa v\u00f5tab reisijatega ise \u00fchendust ja pakub alternatiivseid reisiv\u00f5imalusi. \u201eKui lennufirma poolt pakutud lahendus ei sobi, tuleb lennufirmaga ise uuesti \u00fchendust v\u00f5tta. Arvestage v\u00f5imalike pikkade ooteaegadega,\u201c m\u00e4rkis lennujaam oma sotsiaalmeedia lehek\u00fcljel.<\/p>\n<p>Oled juba tellija?Logi sisse<\/p>\n<p><a href=\"https:\/\/reisijuht.delfi.ee\/artikkel\/120568678\/lufthansa-streik-jatab-ara-ka-koik-kolmapaevaks-plaanitud-tallinna-ja-frankfurdi-vahelised-lennud\/kommentaarid\" class=\"article-body-bottom__comment article-body-bottom__comment--write button button--primary button--size-auto\" rel=\"nofollow noopener\" target=\"_blank\"> Kommenteeri <\/a><a href=\"https:\/\/reisijuht.delfi.ee\/artikkel\/120568678\/lufthansa-streik-jatab-ara-ka-koik-kolmapaevaks-plaanitud-tallinna-ja-frankfurdi-vahelised-lennud\/kommentaarid\" class=\"article-body-bottom__comment article-body-bottom__comment--read button button--size-auto\" rel=\"nofollow noopener\" target=\"_blank\"> Loe kommentaare (7)<\/a><\/p>\n","protected":false},"excerpt":{"rendered":"Tallinna lennujaam andis esmasp\u00e4eval teada, et samal p\u00e4eval toimunud Lufthansa lennud (saabumine Tallinna kell 12.45 ja v\u00e4ljumine kell&hellip;\n","protected":false},"author":2,"featured_media":154678,"comment_status":"","ping_status":"","sticky":false,"template":"","format":"standard","meta":{"footnotes":"","_share_on_mastodon":"0"},"categories":[12],"tags":[26,27,37,33,35,34,36,31,32,21,28,29,15005,4683,19,25,1262,1766,23,24,22,20,30],"class_list":["post-154677","post","type-post","status-publish","format-standard","has-post-thumbnail","category-eesti","tag-breaking-news","tag-breakingnews","tag-ee","tag-eesti","tag-eesti-keel","tag-estonia","tag-estonian","tag-featured-news","tag-featurednews","tag-headlines","tag-latest-news","tag-latestnews","tag-lennud","tag-lufthansa","tag-news","tag-populaarseimad-lood","tag-streik","tag-tallinna-lennujaam","tag-top-stories","tag-topstories","tag-uldised-uudised","tag-uudised","tag-viimased-uudised"],"share_on_mastodon":{"url":"https:\/\/pubeurope.com\/@ee\/116412371619761273","error":""},"_links":{"self":[{"href":"https:\/\/www.europesays.com\/ee\/wp-json\/wp\/v2\/posts\/154677","targetHints":{"allow":["GET"]}}],"collection":[{"href":"https:\/\/www.europesays.com\/ee\/wp-json\/wp\/v2\/posts"}],"about":[{"href":"https:\/\/www.europesays.com\/ee\/wp-json\/wp\/v2\/types\/post"}],"author":[{"embeddable":true,"href":"https:\/\/www.europesays.com\/ee\/wp-json\/wp\/v2\/users\/2"}],"replies":[{"embeddable":true,"href":"https:\/\/www.europesays.com\/ee\/wp-json\/wp\/v2\/comments?post=154677"}],"version-history":[{"count":0,"href":"https:\/\/www.europesays.com\/ee\/wp-json\/wp\/v2\/posts\/154677\/revisions"}],"wp:featuredmedia":[{"embeddable":true,"href":"https:\/\/www.europesays.com\/ee\/wp-json\/wp\/v2\/media\/154678"}],"wp:attachment":[{"href":"https:\/\/www.europesays.com\/ee\/wp-json\/wp\/v2\/media?parent=154677"}],"wp:term":[{"taxonomy":"category","embeddable":true,"href":"https:\/\/www.europesays.com\/ee\/wp-json\/wp\/v2\/categories?post=154677"},{"taxonomy":"post_tag","embeddable":true,"href":"https:\/\/www.europesays.com\/ee\/wp-json\/wp\/v2\/tags?post=154677"}],"curies":[{"name":"wp","href":"https:\/\/api.w.org\/{rel}","templated":true}]}}