{"id":154842,"date":"2026-04-16T08:17:07","date_gmt":"2026-04-16T08:17:07","guid":{"rendered":"https:\/\/www.europesays.com\/ee\/154842\/"},"modified":"2026-04-16T08:17:07","modified_gmt":"2026-04-16T08:17:07","slug":"tallinnas-algab-visuaali-ja-muusikatehnoloogia-festival-commute-muusika","status":"publish","type":"post","link":"https:\/\/www.europesays.com\/ee\/154842\/","title":{"rendered":"Tallinnas algab visuaali ja muusikatehnoloogia festival Commute | Muusika"},"content":{"rendered":"<p>Neljap\u00e4eval algab k\u00fcmme p\u00e4eva kestev Eesti Muusika- ja Teatriakadeemia (EMTA) heli, visuaali ja muusikatehnoloogia festival COMMUTE, mis kannab sel korral alapealkirja &#8220;Soolo&#8221;. <\/p>\n<p>Commute pakub publikule EMTA heliloomingu ja improvisatsioonilise muusika osakonna uudisteoseid, mis on seotud terviklikeks kontsertideks. Festivali idee on algusest peale olnud \u00fchendada olemasolev literatuur, professionaalne kogemus ja noorte v\u00e4rsked loomes\u00e4hvatused, luua pinnas ja v\u00e4ljund s\u00fcnergiaks.<\/p>\n<p>Lisaks tudengit\u00f6\u00f6dele kaasatakse festivalile nii kodumaal kui ka rahvusvaheliselt silmapaistvate muusikute-kunstnike loomingut.<\/p>\n<p>&#8220;Seekordne festival kestab rekordiliselt 10 p\u00e4eva ning keskseks teemaks on soolo. Olgu siis \u00fcksinda laval, solistina ansambli ees v\u00f5i hoopis heliloojana omaette muusikat luues. P\u00fc\u00fcame m\u00f5testada soolo t\u00e4hendust erinevatest vaatepunktidest ja kutsume ka publikut sellele t\u00e4helepanu p\u00f6\u00f6rama. Festivali raames toimub EMTA-s ka rahvusvaheline loominguprojekt Solo+, milles osalevad lisaks meie akadeemiale viie Euroopa muusikak\u00f5rgkooli \u00fcli\u00f5pilased,&#8221; s\u00f5navad festivali eestvedajad, Eesti Muusika- ja Teatriakadeemia \u00f5ppej\u00f5ud Einike Leppik ja Paolo Girol.\u00a0<\/p>\n<p>Festivali programmiga saab tutvuda <a href=\"https:\/\/emtasaalid.ee\/commute-8\/\" target=\"_blank\" rel=\"noopener nofollow\">siin<\/a>.<\/p>\n","protected":false},"excerpt":{"rendered":"Neljap\u00e4eval algab k\u00fcmme p\u00e4eva kestev Eesti Muusika- ja Teatriakadeemia (EMTA) heli, visuaali ja muusikatehnoloogia festival COMMUTE, mis kannab&hellip;\n","protected":false},"author":2,"featured_media":154843,"comment_status":"","ping_status":"","sticky":false,"template":"","format":"standard","meta":{"footnotes":"","_share_on_mastodon":"0"},"categories":[16],"tags":[73054,73055,37,33,35,4125,173,34,36,140],"class_list":["post-154842","post","type-post","status-publish","format-standard","has-post-thumbnail","category-meelelahutus","tag-commute","tag-commute-2026","tag-ee","tag-eesti","tag-eesti-keel","tag-emta","tag-entertainment","tag-estonia","tag-estonian","tag-meelelahutus"],"share_on_mastodon":{"url":"https:\/\/pubeurope.com\/@ee\/116413401944001633","error":""},"_links":{"self":[{"href":"https:\/\/www.europesays.com\/ee\/wp-json\/wp\/v2\/posts\/154842","targetHints":{"allow":["GET"]}}],"collection":[{"href":"https:\/\/www.europesays.com\/ee\/wp-json\/wp\/v2\/posts"}],"about":[{"href":"https:\/\/www.europesays.com\/ee\/wp-json\/wp\/v2\/types\/post"}],"author":[{"embeddable":true,"href":"https:\/\/www.europesays.com\/ee\/wp-json\/wp\/v2\/users\/2"}],"replies":[{"embeddable":true,"href":"https:\/\/www.europesays.com\/ee\/wp-json\/wp\/v2\/comments?post=154842"}],"version-history":[{"count":0,"href":"https:\/\/www.europesays.com\/ee\/wp-json\/wp\/v2\/posts\/154842\/revisions"}],"wp:featuredmedia":[{"embeddable":true,"href":"https:\/\/www.europesays.com\/ee\/wp-json\/wp\/v2\/media\/154843"}],"wp:attachment":[{"href":"https:\/\/www.europesays.com\/ee\/wp-json\/wp\/v2\/media?parent=154842"}],"wp:term":[{"taxonomy":"category","embeddable":true,"href":"https:\/\/www.europesays.com\/ee\/wp-json\/wp\/v2\/categories?post=154842"},{"taxonomy":"post_tag","embeddable":true,"href":"https:\/\/www.europesays.com\/ee\/wp-json\/wp\/v2\/tags?post=154842"}],"curies":[{"name":"wp","href":"https:\/\/api.w.org\/{rel}","templated":true}]}}