{"id":15492,"date":"2025-10-09T12:18:08","date_gmt":"2025-10-09T12:18:08","guid":{"rendered":"https:\/\/www.europesays.com\/ee\/15492\/"},"modified":"2025-10-09T12:18:08","modified_gmt":"2025-10-09T12:18:08","slug":"raplamaa-rallimehed-lahevad-saaremaale-finisijoont-puudma","status":"publish","type":"post","link":"https:\/\/www.europesays.com\/ee\/15492\/","title":{"rendered":"Raplamaa rallimehed l\u00e4hevad Saaremaale fini\u0161ijoont p\u00fc\u00fcdma"},"content":{"rendered":"<p>Juba reedel ja laup\u00e4eval kihutatakse L\u00e4\u00e4ne- ja Kesk-Saaremaa kruusateedel 58. Saaremaa Rallil, mis on Eesti autoralli meistriv\u00f5istluste hooaja viimane ja \u00fchtlasi k\u00f5ige oodatum etapp.<\/p>\n<p>Kuressaare keskv\u00e4ljakul antakse start 10. oktoobril kell 18, mil stardib 144 v\u00f5istluspaari viiest riigist. Kahe p\u00e4eva jooksul ootab rallis\u00f5itjaid ees k\u00fcmme kiiruskatset kogupikkusega 111,52 kilomeetrit, ralli kogutee ulatub 514,59 kilomeetrini. Esimesel p\u00e4eval s\u00f5idetakse kolm katset, neist kaks P\u00f5hja-Saaremaa kruusateedel.<br \/>Raplamaa on taas esindatud muljetavaldava koosseisuga ning stardijoonele asuvad mitme meie maakonna klubi rallimehed.<\/p>\n","protected":false},"excerpt":{"rendered":"Juba reedel ja laup\u00e4eval kihutatakse L\u00e4\u00e4ne- ja Kesk-Saaremaa kruusateedel 58. Saaremaa Rallil, mis on Eesti autoralli meistriv\u00f5istluste hooaja&hellip;\n","protected":false},"author":2,"featured_media":15493,"comment_status":"","ping_status":"","sticky":false,"template":"","format":"standard","meta":{"footnotes":""},"categories":[18],"tags":[37,33,35,34,36,7368,159,158],"class_list":{"0":"post-15492","1":"post","2":"type-post","3":"status-publish","4":"format-standard","5":"has-post-thumbnail","7":"category-sport","8":"tag-ee","9":"tag-eesti","10":"tag-eesti-keel","11":"tag-estonia","12":"tag-estonian","13":"tag-saaremaa-ralli","14":"tag-sport","15":"tag-sports"},"share_on_mastodon":{"url":"","error":""},"_links":{"self":[{"href":"https:\/\/www.europesays.com\/ee\/wp-json\/wp\/v2\/posts\/15492","targetHints":{"allow":["GET"]}}],"collection":[{"href":"https:\/\/www.europesays.com\/ee\/wp-json\/wp\/v2\/posts"}],"about":[{"href":"https:\/\/www.europesays.com\/ee\/wp-json\/wp\/v2\/types\/post"}],"author":[{"embeddable":true,"href":"https:\/\/www.europesays.com\/ee\/wp-json\/wp\/v2\/users\/2"}],"replies":[{"embeddable":true,"href":"https:\/\/www.europesays.com\/ee\/wp-json\/wp\/v2\/comments?post=15492"}],"version-history":[{"count":0,"href":"https:\/\/www.europesays.com\/ee\/wp-json\/wp\/v2\/posts\/15492\/revisions"}],"wp:featuredmedia":[{"embeddable":true,"href":"https:\/\/www.europesays.com\/ee\/wp-json\/wp\/v2\/media\/15493"}],"wp:attachment":[{"href":"https:\/\/www.europesays.com\/ee\/wp-json\/wp\/v2\/media?parent=15492"}],"wp:term":[{"taxonomy":"category","embeddable":true,"href":"https:\/\/www.europesays.com\/ee\/wp-json\/wp\/v2\/categories?post=15492"},{"taxonomy":"post_tag","embeddable":true,"href":"https:\/\/www.europesays.com\/ee\/wp-json\/wp\/v2\/tags?post=15492"}],"curies":[{"name":"wp","href":"https:\/\/api.w.org\/{rel}","templated":true}]}}