{"id":154941,"date":"2026-04-16T10:13:05","date_gmt":"2026-04-16T10:13:05","guid":{"rendered":"https:\/\/www.europesays.com\/ee\/154941\/"},"modified":"2026-04-16T10:13:05","modified_gmt":"2026-04-16T10:13:05","slug":"skandaal-%e2%9f%a9-valitsus-plaanib-sundida-omavalitsusi-puhkemetsi-turuhinnaga-valja-ostma-postimees","status":"publish","type":"post","link":"https:\/\/www.europesays.com\/ee\/154941\/","title":{"rendered":"SKANDAAL \u27e9 Valitsus plaanib sundida omavalitsusi puhkemetsi turuhinnaga v\u00e4lja ostma &#8211; Postimees"},"content":{"rendered":"<ol>\n<li><a href=\"https:\/\/news.google.com\/rss\/articles\/CBMitAFBVV95cUxPUXJFUGQ2QlRGaHBWRG9zMkQzRTFYa2l6bGJZcU9rbjZPMHF4YksyNkhJXzVUZ1o0X2VsXzI5a2FpaGUtQU5FTEhqMV90WVJycUhXNi1CSlJXVDhRS0dzRUdkaVJUVEw1eUJJVTFsWW1BaVpJRVR5ejZKUEN5b2FCODNxdHR5Z1lmNGdQX0NpNHZMdWROWGtjZE0zdmdhNnhCUHJPbjBYUHVRS2FoWFROMjkyUVI?oc=5\" target=\"_blank\" rel=\"nofollow noopener\">SKANDAAL \u27e9 Valitsus plaanib sundida omavalitsusi puhkemetsi turuhinnaga v\u00e4lja ostma<\/a>&nbsp;&nbsp;Postimees<\/li>\n<li><a href=\"https:\/\/news.google.com\/rss\/articles\/CBMingFBVV95cUxQMFFfN3pOSG1BY3pqUF9PdS1kU29DcmE0U044T29sRmJCY2k2aHl0SWMzYmVsTEFEcTdlMEhWY0NrZTVxWGN6YmNPLURFN083blQ5UTlBb0xxcGlYVW5YSDF5OFdxWmZqYUFzb3dvbm1hVkdhU1lwRndtY0V4Vmt3TGxGYXBjZGxxc2QyNW1GZ2FKeFNNQXdfLVh5TGkzZw?oc=5\" target=\"_blank\" rel=\"nofollow noopener\">Tiit Maran: metsat\u00f6\u00f6stus kaotas ise \u00fcleraiega stabiilsuse<\/a>&nbsp;&nbsp;\u00c4rip\u00e4ev<\/li>\n<li><a href=\"https:\/\/news.google.com\/rss\/articles\/CBMiP0FVX3lxTE1oZFYyVm4tZFV4Y0dNdV8xNUhKN0UtWUZmdzR1NDhlcDZJRDBfUnpEWFBUQTJ3ME1uMnk0MlFuNA?oc=5\" target=\"_blank\" rel=\"nofollow noopener\">Metsaseadus k\u00fctab kirgi: valitsus eitab \u00fcleraiet, kriitikud hoiatavad j\u00e4tku eest<\/a>&nbsp;&nbsp;Uudis.net<\/li>\n<li><a href=\"https:\/\/news.google.com\/rss\/articles\/CBMiwAFBVV95cUxNTnRqM0xYdnI3QlM2Ni1DblVvWkVSazJqWnBSalJwVU5malRIMWRkRG1uOHlyVXVnTGVLTTFfSVRBSnZDT242LVZUdVcydVZsc2JVTHFaUzl4MzhUZXp1dUMwdEhPamd3OHFxdDZYdTM4MmY3aTF1MjgzQTY3cjZyZFFlR3A2RV9QSXlWZTY3Uko2cUp3ME5YdnV0dXN2MGVpOFlScE9yM1RaXzJ6TTBvWUhjb2JhcUxBQktaOTZyLVU?oc=5\" target=\"_blank\" rel=\"nofollow noopener\">\u00dchiskonnas kirgi k\u00fctvad metsa- ja looduskaitseseaduse eeln\u00f5ud j\u00f5uavad valitsusse<\/a>&nbsp;&nbsp;Maaleht<\/li>\n<li><a href=\"https:\/\/news.google.com\/rss\/articles\/CBMigAFBVV95cUxQZ0VHdmVSUERXREdZZVJ1aGVZRlZVLVhqcFY1R3VDNHdzYWhmUmJVb25Zd3Z0MDlFZFM3Z0FaQThZS2ZWZDJ0bFN1ekZrb2NNSjFkWTEtdldWQ2Z4UFRadHl1WDNZVWRSTU5kVFNBYzdJNkx6X25VeWRkZF9jODhIcQ?oc=5\" target=\"_blank\" rel=\"nofollow noopener\">Infotunnis arutati metsaseadust ja \u00fcleraiet<\/a>&nbsp;&nbsp;\u00d5htuleht<\/li>\n<\/ol>\n","protected":false},"excerpt":{"rendered":"SKANDAAL \u27e9 Valitsus plaanib sundida omavalitsusi puhkemetsi turuhinnaga v\u00e4lja ostma&nbsp;&nbsp;Postimees Tiit Maran: metsat\u00f6\u00f6stus kaotas ise \u00fcleraiega stabiilsuse&nbsp;&nbsp;\u00c4rip\u00e4ev Metsaseadus&hellip;\n","protected":false},"author":2,"featured_media":154942,"comment_status":"","ping_status":"","sticky":false,"template":"","format":"standard","meta":{"footnotes":"","_share_on_mastodon":"0"},"categories":[5],"tags":[2338,26,27,37,33,35,34,36,31,32,21,3081,28,29,10536,15881,19,25,23,24,22,20,30],"class_list":["post-154941","post","type-post","status-publish","format-standard","has-post-thumbnail","category-uldised-uudised","tag-andres-sutt","tag-breaking-news","tag-breakingnews","tag-ee","tag-eesti","tag-eesti-keel","tag-estonia","tag-estonian","tag-featured-news","tag-featurednews","tag-headlines","tag-kliimaministeerium","tag-latest-news","tag-latestnews","tag-metsaraie","tag-metsaseadus","tag-news","tag-populaarseimad-lood","tag-top-stories","tag-topstories","tag-uldised-uudised","tag-uudised","tag-viimased-uudised"],"share_on_mastodon":{"url":"https:\/\/pubeurope.com\/@ee\/116413857918943246","error":""},"_links":{"self":[{"href":"https:\/\/www.europesays.com\/ee\/wp-json\/wp\/v2\/posts\/154941","targetHints":{"allow":["GET"]}}],"collection":[{"href":"https:\/\/www.europesays.com\/ee\/wp-json\/wp\/v2\/posts"}],"about":[{"href":"https:\/\/www.europesays.com\/ee\/wp-json\/wp\/v2\/types\/post"}],"author":[{"embeddable":true,"href":"https:\/\/www.europesays.com\/ee\/wp-json\/wp\/v2\/users\/2"}],"replies":[{"embeddable":true,"href":"https:\/\/www.europesays.com\/ee\/wp-json\/wp\/v2\/comments?post=154941"}],"version-history":[{"count":0,"href":"https:\/\/www.europesays.com\/ee\/wp-json\/wp\/v2\/posts\/154941\/revisions"}],"wp:featuredmedia":[{"embeddable":true,"href":"https:\/\/www.europesays.com\/ee\/wp-json\/wp\/v2\/media\/154942"}],"wp:attachment":[{"href":"https:\/\/www.europesays.com\/ee\/wp-json\/wp\/v2\/media?parent=154941"}],"wp:term":[{"taxonomy":"category","embeddable":true,"href":"https:\/\/www.europesays.com\/ee\/wp-json\/wp\/v2\/categories?post=154941"},{"taxonomy":"post_tag","embeddable":true,"href":"https:\/\/www.europesays.com\/ee\/wp-json\/wp\/v2\/tags?post=154941"}],"curies":[{"name":"wp","href":"https:\/\/api.w.org\/{rel}","templated":true}]}}