{"id":154943,"date":"2026-04-16T10:20:11","date_gmt":"2026-04-16T10:20:11","guid":{"rendered":"https:\/\/www.europesays.com\/ee\/154943\/"},"modified":"2026-04-16T10:20:11","modified_gmt":"2026-04-16T10:20:11","slug":"ml-i-paevik-nelja-koondise-vahel-valida-saanud-bayerni-ass-olise-on-tousnud-vutimaailma-saravamate-tahtede-sekka","status":"publish","type":"post","link":"https:\/\/www.europesays.com\/ee\/154943\/","title":{"rendered":"ML-i P\u00c4EVIK | Nelja koondise vahel valida saanud Bayerni \u00e4ss Olise on t\u00f5usnud vutimaailma s\u00e4ravamate t\u00e4htede sekka"},"content":{"rendered":"<p><img decoding=\"async\" src=\"https:\/\/www.europesays.com\/ee\/wp-content\/uploads\/2026\/04\/1f62b55f-d8d8-4368-9e7e-307449da676b.jpg\" loading=\"lazy\" alt=\"Michael Olise l\u00f5i v\u00e4rava ka kolmap\u00e4evases Meistrite liiga veerandfinaali korduskohtumises Madridi Reali vastu\"\/><\/p>\n<p>Michael Olise l\u00f5i v\u00e4rava ka kolmap\u00e4evases Meistrite liiga veerandfinaali korduskohtumises Madridi Reali vastu<\/p>\n<p>FOTO: Michael NibelR4676 Michael Nibel| picture alliance \/ HMB Media\/Scanpix<\/p>\n<p>Jalgpallimaailma s\u00e4ravamatest r\u00fcndeliinidest r\u00e4\u00e4kides on viimasel k\u00fcmnendil kordam\u00f6\u00f6da t\u00e4helepanu p\u00fc\u00fcdnud FC Barcelona, Madridi Real, Manchester City, Liverpool jne. Praegu tundub k\u00f5ige vingema r\u00fcndeliiniga meeskonnaks olevat <a rel=\"noopener nofollow\" target=\"_blank\" href=\"https:\/\/www.delfi.ee\/teema\/56497524\/muncheni-bayern\" tag-id=\"56497524\">M\u00fcncheni Bayern<\/a>. Selles vallas on nende nurgakiviks kerkinud 24-aastane <a rel=\"noopener nofollow\" target=\"_blank\" href=\"https:\/\/www.delfi.ee\/teema\/96942945\/michael-olise\" tag-id=\"96942945\">Michael Olise<\/a>, kellele viskas silma neli erinevat koondist.<\/p>\n","protected":false},"excerpt":{"rendered":"Michael Olise l\u00f5i v\u00e4rava ka kolmap\u00e4evases Meistrite liiga veerandfinaali korduskohtumises Madridi Reali vastu FOTO: Michael NibelR4676 Michael Nibel|&hellip;\n","protected":false},"author":2,"featured_media":154944,"comment_status":"","ping_status":"","sticky":false,"template":"","format":"standard","meta":{"footnotes":"","_share_on_mastodon":"0"},"categories":[18],"tags":[37,33,35,34,36,1190,24425,538,159,158],"class_list":["post-154943","post","type-post","status-publish","format-standard","has-post-thumbnail","category-sport","tag-ee","tag-eesti","tag-eesti-keel","tag-estonia","tag-estonian","tag-meistrite-liiga","tag-michael-olise","tag-muncheni-bayern","tag-sport","tag-sports"],"share_on_mastodon":{"url":"https:\/\/pubeurope.com\/@ee\/116413885755791499","error":""},"_links":{"self":[{"href":"https:\/\/www.europesays.com\/ee\/wp-json\/wp\/v2\/posts\/154943","targetHints":{"allow":["GET"]}}],"collection":[{"href":"https:\/\/www.europesays.com\/ee\/wp-json\/wp\/v2\/posts"}],"about":[{"href":"https:\/\/www.europesays.com\/ee\/wp-json\/wp\/v2\/types\/post"}],"author":[{"embeddable":true,"href":"https:\/\/www.europesays.com\/ee\/wp-json\/wp\/v2\/users\/2"}],"replies":[{"embeddable":true,"href":"https:\/\/www.europesays.com\/ee\/wp-json\/wp\/v2\/comments?post=154943"}],"version-history":[{"count":0,"href":"https:\/\/www.europesays.com\/ee\/wp-json\/wp\/v2\/posts\/154943\/revisions"}],"wp:featuredmedia":[{"embeddable":true,"href":"https:\/\/www.europesays.com\/ee\/wp-json\/wp\/v2\/media\/154944"}],"wp:attachment":[{"href":"https:\/\/www.europesays.com\/ee\/wp-json\/wp\/v2\/media?parent=154943"}],"wp:term":[{"taxonomy":"category","embeddable":true,"href":"https:\/\/www.europesays.com\/ee\/wp-json\/wp\/v2\/categories?post=154943"},{"taxonomy":"post_tag","embeddable":true,"href":"https:\/\/www.europesays.com\/ee\/wp-json\/wp\/v2\/tags?post=154943"}],"curies":[{"name":"wp","href":"https:\/\/api.w.org\/{rel}","templated":true}]}}