{"id":155064,"date":"2026-04-16T12:50:26","date_gmt":"2026-04-16T12:50:26","guid":{"rendered":"https:\/\/www.europesays.com\/ee\/155064\/"},"modified":"2026-04-16T12:50:26","modified_gmt":"2026-04-16T12:50:26","slug":"valitsus-kinnitas-koolides-laste-vaktsineerimist-muutva-eelnou-eesti","status":"publish","type":"post","link":"https:\/\/www.europesays.com\/ee\/155064\/","title":{"rendered":"Valitsus kinnitas koolides laste vaktsineerimist muutva eeln\u00f5u | Eesti"},"content":{"rendered":"<p>Valitsus otsustas kinnitada ja saata riigikokku nakkushaiguste ennetamise ja t\u00f5rje seaduse, mis muu hulgas muudab koolides laste vaktsineerimise n\u00f5udeid.<\/p>\n<p>Eeln\u00f5uga\u00a0v\u00e4hendatakse\u00a0muu hulgas\u00a0laste koolides vaktsineerimisega seotud\u00a0b\u00fcrokraatiat, teatas sotsiaalministeerium. Kui praegu peab riikliku immuniseerimiskava vaktsiini tegemiseks kooli\u00f5e juures olema lapsevanema kirjalik n\u00f5usolek, siis edaspidi\u00a0tuleb kirjalikult teada anda\u00a0soovist vaktsineerimisest keelduda.\u00a0\u00a0<\/p>\n<p>Koolides tehakse vaid riiklikus immuniseerimiskavas ette n\u00e4htud vaktsiine: 12\u201313-aastaselt leetrid, mumps, punetised ja HPV ning 15\u201316-aastaselt difteeria ja teetanus.\u00a0<\/p>\n<p>Sotsiaalminister\u00a0Karmen Jolleri\u00a0s\u00f5nul on kehtiv seadus juba 23 aastat vana ja ei arvesta sellega, kuidas on vahepeal muutunud nakkushaigustest tulenevad ohud, inimeste eluviisid ja tervishoiu v\u00f5imalused.\u00a0Nakkushaiguste riskid on kasvanud, sest\u00a0reisitakse rohkem ja kaugemale, haigused levivad\u00a0kiiremini.\u00a0\u00a0\u00a0\u00a0<\/p>\n<p>&#8220;Enamik inimesi soovivad j\u00e4tkuvalt\u00a0ennast ja\u00a0oma lapsi vaktsineerida, kuid n\u00e4eme muret tekitavat trendi, et \u00fcldine\u00a0kaitse mitmete nakkushaiguste vastu enam tagatud, kuna h\u00f5lmatus on langenud alla\u00a0vajaliku\u00a095 protsendi. N\u00e4iteks leetrite vastu oli 2024. aastal vaktsineeritud 83 protsenti kaheaastastest lastest ning lisadoosi oli saanud 74 protsenti 14-aastastest. See suurendab terviseohte eesk\u00e4tt riskir\u00fchmadele ja neile, kes ei saa tervislikel p\u00f5hjustel vaktsineerida,&#8221; lausus Joller.\u00a0\u00a0\u00a0\u00a0<\/p>\n<p>Jolleri s\u00f5nul on praktika\u00a0n\u00e4idanud, et paljud lapsed ei j\u00e4\u00e4 vaktsiinist ilma seet\u00f5ttu, et vanemad seda ei soovi, vaid kuna n\u00f5usoleku esitamine kas ununeb v\u00f5i\u00a0j\u00e4\u00e4b n\u00f5usolekublankett lapse koolikoti p\u00f5hja. Kooli\u00f5de annab ka edaspidi vaktsineerimise plaanist teada ning lapsevanemad, kes kindlasti ei soovi koolis vaktsineerimist,\u00a0saavad sellest\u00a0kirjalikus vormis teatada.\u00a0<\/p>\n<p>Kooli\u00f5el tuleb last tema vanust ja arengutaset arvestades teavitada, kaasata ja arvestada v\u00f5la\u00f5igusseadusest tuleneva \u00f5igusega oma keha \u00fcle otsustada. Isegi kui vanem ei ole keeldumisest teavitanud, ei\u00a0vaktsineerita\u00a0last vastu tema tahtmist.\u00a0<\/p>\n<p>Samas, kui vanem on keeldunud ja alaealine soovib siiski end vaktsineerida, hindab\u00a0tervishoiut\u00f6\u00f6taja\u00a0tema kaalutlusv\u00f5imet\u00a0sellist otsust ise teha. Selleks on \u00f5iguskantsleri b\u00fcroo koost\u00f6\u00f6s arstide\u00a0erialaliitudega\u00a0v\u00e4lja t\u00f6\u00f6tanud ka juhendi.\u00a0Sama p\u00f5him\u00f5te kehtib ka\u00a0teiste\u00a0piiratud teov\u00f5imega\u00a0inimeste kohta ning on juba tervishoius l\u00e4bivalt kasutusel.\u00a0<\/p>\n<p>Eeln\u00f5u uuendab ka nakkusohutuse n\u00f5udeid t\u00f6\u00f6kohtadel ning kaotab toitlustusasutustes senise terviset\u00f5endi n\u00f5ude. Praegune s\u00fcsteem pakub pigem n\u00e4ilist turvatunnet: aasta v\u00f5i enamgi vana terviset\u00f5end ei anna kindlust, et inimene on terve t\u00e4na, m\u00e4rkis sotsiaalministeerium.<\/p>\n<p>Edaspidi l\u00e4htutakse p\u00f5him\u00f5ttest, et nakkusohutusega tuleb arvestada k\u00f5igil t\u00f6\u00f6kohtadel, kus riskianal\u00fc\u00fcs tuvastab nakkusohu. T\u00f6\u00f6andja kohustuseks j\u00e4\u00e4b nakkustekitajate leviku v\u00e4ltimine ning riskir\u00fchmade kaitse, sh vajadusel immuniseerimise tagamine.\u00a0<\/p>\n<p>Samuti kehtestatakse\u00a0infektsioonikontrolli n\u00f5uded\u00a0tervishoiule\u00a0ja\u00a0ka\u00a0eeskirjad\u00a0hoolde-\u00a0ja\u00a0erihooldekodudes. Igal pool tuleb hooldekodude t\u00f6\u00f6tajatel, elanikel ja k\u00fclastajatel j\u00e4rgida sarnaseid n\u00f5udeid, mis v\u00e4listavad nakkuse leviku. \u00a0\u00a0<\/p>\n<p>Eeln\u00f5u t\u00e4psustab ka, millal saab \u00fchiskonnas rangeid piiranguid kehtestada<\/p>\n<p>Eeln\u00f5u t\u00e4psustab ka seda, millal ja kuidas tohib nakkushaiguste leviku t\u00f5kestamiseks piiranguid seada. Rangeid piiranguid saab rakendada vaid eriti ohtliku nakkushaiguse korral ehk siis, kui haigus levib kiiresti, p\u00f5hjustab rasket haiguskulgu v\u00f5i suurt suremust ning v\u00f5ib ohustada tervishoius\u00fcsteemi toimepidevust. \u00dchiskonda laialdaselt m\u00f5jutavad piirangud kehtestatakse valitsuse m\u00e4\u00e4rusega.\u00a0<\/p>\n<p>Samuti pannakse eeln\u00f5uga paika asutuste\u00a0vaheline juhtimismudel ja \u00fclesanded ning korrastatakse nakkushaiguste seire tingimused,\u00a0milliseid andmeid ja mis eesm\u00e4rgil tohib koguda.\u00a0\u00a0<\/p>\n","protected":false},"excerpt":{"rendered":"Valitsus otsustas kinnitada ja saata riigikokku nakkushaiguste ennetamise ja t\u00f5rje seaduse, mis muu hulgas muudab koolides laste vaktsineerimise&hellip;\n","protected":false},"author":2,"featured_media":155065,"comment_status":"","ping_status":"","sticky":false,"template":"","format":"standard","meta":{"footnotes":"","_share_on_mastodon":"0"},"categories":[5],"tags":[26,27,37,33,35,34,36,31,32,21,405,3704,28,29,19,59,25,1792,23,24,22,20,570,30],"class_list":["post-155064","post","type-post","status-publish","format-standard","has-post-thumbnail","category-uldised-uudised","tag-breaking-news","tag-breakingnews","tag-ee","tag-eesti","tag-eesti-keel","tag-estonia","tag-estonian","tag-featured-news","tag-featurednews","tag-headlines","tag-kool","tag-lapsed","tag-latest-news","tag-latestnews","tag-news","tag-piirangud","tag-populaarseimad-lood","tag-sotsiaalministeerium","tag-top-stories","tag-topstories","tag-uldised-uudised","tag-uudised","tag-vaktsineerimine","tag-viimased-uudised"],"share_on_mastodon":{"url":"https:\/\/pubeurope.com\/@ee\/116414475318651075","error":""},"_links":{"self":[{"href":"https:\/\/www.europesays.com\/ee\/wp-json\/wp\/v2\/posts\/155064","targetHints":{"allow":["GET"]}}],"collection":[{"href":"https:\/\/www.europesays.com\/ee\/wp-json\/wp\/v2\/posts"}],"about":[{"href":"https:\/\/www.europesays.com\/ee\/wp-json\/wp\/v2\/types\/post"}],"author":[{"embeddable":true,"href":"https:\/\/www.europesays.com\/ee\/wp-json\/wp\/v2\/users\/2"}],"replies":[{"embeddable":true,"href":"https:\/\/www.europesays.com\/ee\/wp-json\/wp\/v2\/comments?post=155064"}],"version-history":[{"count":0,"href":"https:\/\/www.europesays.com\/ee\/wp-json\/wp\/v2\/posts\/155064\/revisions"}],"wp:featuredmedia":[{"embeddable":true,"href":"https:\/\/www.europesays.com\/ee\/wp-json\/wp\/v2\/media\/155065"}],"wp:attachment":[{"href":"https:\/\/www.europesays.com\/ee\/wp-json\/wp\/v2\/media?parent=155064"}],"wp:term":[{"taxonomy":"category","embeddable":true,"href":"https:\/\/www.europesays.com\/ee\/wp-json\/wp\/v2\/categories?post=155064"},{"taxonomy":"post_tag","embeddable":true,"href":"https:\/\/www.europesays.com\/ee\/wp-json\/wp\/v2\/tags?post=155064"}],"curies":[{"name":"wp","href":"https:\/\/api.w.org\/{rel}","templated":true}]}}