{"id":155215,"date":"2026-04-16T16:02:06","date_gmt":"2026-04-16T16:02:06","guid":{"rendered":"https:\/\/www.europesays.com\/ee\/155215\/"},"modified":"2026-04-16T16:02:06","modified_gmt":"2026-04-16T16:02:06","slug":"hooaja-viimase-plekktrummi-kulaline-on-sirje-karis-kultuurisaated","status":"publish","type":"post","link":"https:\/\/www.europesays.com\/ee\/155215\/","title":{"rendered":"Hooaja viimase &#8220;Plekktrummi&#8221; k\u00fclaline on Sirje Karis | Kultuurisaated"},"content":{"rendered":"<p>J\u00e4rgmisel n\u00e4dalal on vestlussaate &#8220;Plekktrumm&#8221; hooaja viimane k\u00fclaline museoloog ja presidendi abikaasa Sirje Karis.<\/p>\n<p>Arusaamatused rahastusega on tuntavalt v\u00e4hendanud kooli\u00f5pilaste muuseumik\u00fclastusi. Milline peaks olema muuseumide roll uute p\u00f5lvkondade haridusteel?<\/p>\n<p>Hooaja viimase &#8220;Plekktrummi&#8221; k\u00fclaline on museoloog, presidendi abikaasa Sirje Karis.<\/p>\n<p>&#8220;Plekktrumm&#8221; on ETV2 eetris esmasp\u00e4eval kell 22.00. \u00a0Vestlust juhib Joonas Hellerma.<\/p>\n","protected":false},"excerpt":{"rendered":"J\u00e4rgmisel n\u00e4dalal on vestlussaate &#8220;Plekktrumm&#8221; hooaja viimane k\u00fclaline museoloog ja presidendi abikaasa Sirje Karis. Arusaamatused rahastusega on tuntavalt&hellip;\n","protected":false},"author":2,"featured_media":155216,"comment_status":"","ping_status":"","sticky":false,"template":"","format":"standard","meta":{"footnotes":"","_share_on_mastodon":"0"},"categories":[85],"tags":[37,33,35,173,34,36,140,9873,13103,222],"class_list":["post-155215","post","type-post","status-publish","format-standard","has-post-thumbnail","category-tv","tag-ee","tag-eesti","tag-eesti-keel","tag-entertainment","tag-estonia","tag-estonian","tag-meelelahutus","tag-plekktrumm","tag-sirje-karis","tag-tv"],"share_on_mastodon":{"url":"https:\/\/pubeurope.com\/@ee\/116415230266171919","error":""},"_links":{"self":[{"href":"https:\/\/www.europesays.com\/ee\/wp-json\/wp\/v2\/posts\/155215","targetHints":{"allow":["GET"]}}],"collection":[{"href":"https:\/\/www.europesays.com\/ee\/wp-json\/wp\/v2\/posts"}],"about":[{"href":"https:\/\/www.europesays.com\/ee\/wp-json\/wp\/v2\/types\/post"}],"author":[{"embeddable":true,"href":"https:\/\/www.europesays.com\/ee\/wp-json\/wp\/v2\/users\/2"}],"replies":[{"embeddable":true,"href":"https:\/\/www.europesays.com\/ee\/wp-json\/wp\/v2\/comments?post=155215"}],"version-history":[{"count":0,"href":"https:\/\/www.europesays.com\/ee\/wp-json\/wp\/v2\/posts\/155215\/revisions"}],"wp:featuredmedia":[{"embeddable":true,"href":"https:\/\/www.europesays.com\/ee\/wp-json\/wp\/v2\/media\/155216"}],"wp:attachment":[{"href":"https:\/\/www.europesays.com\/ee\/wp-json\/wp\/v2\/media?parent=155215"}],"wp:term":[{"taxonomy":"category","embeddable":true,"href":"https:\/\/www.europesays.com\/ee\/wp-json\/wp\/v2\/categories?post=155215"},{"taxonomy":"post_tag","embeddable":true,"href":"https:\/\/www.europesays.com\/ee\/wp-json\/wp\/v2\/tags?post=155215"}],"curies":[{"name":"wp","href":"https:\/\/api.w.org\/{rel}","templated":true}]}}