{"id":155318,"date":"2026-04-16T18:32:12","date_gmt":"2026-04-16T18:32:12","guid":{"rendered":"https:\/\/www.europesays.com\/ee\/155318\/"},"modified":"2026-04-16T18:32:12","modified_gmt":"2026-04-16T18:32:12","slug":"pete-hegseth-luges-pentagoni-jutluse-ajal-ette-valjamoeldud-piiblitsitaati-filmist-pulp-fiction","status":"publish","type":"post","link":"https:\/\/www.europesays.com\/ee\/155318\/","title":{"rendered":"Pete Hegseth luges Pentagoni jutluse ajal ette v\u00e4ljam\u00f5eldud piiblitsitaati filmist \u201ePulp Fiction\u201c"},"content":{"rendered":"<p>Meediateadete kohaselt jagas Hegseth oma s\u00f5nav\u00f5tus palvet, mille esitas tema v\u00e4itel \u00fcksuse \u201eSandy 1\u201c peamine missiooniplaneerija enne k\u00f5iki CSAR-missioone ehk lahingotsingu- ja p\u00e4\u00e4stemissioone. See \u00fcksus viis hiljuti l\u00e4bi Iraani kohal alla tulistatud USA lendurite p\u00e4\u00e4stemissioone.<\/p>\n<p>Hegseth m\u00e4rkis, et palve kannab nime CSAR 25:17 ning see on viide Hesekieli 25:17-le.<\/p>\n<p>Ta s\u00f5nastas palve j\u00e4rgmiselt: \u201eAllatulistatud lenduri teed piiravad igast k\u00fcljest isekate eba\u00f5iglus ja kurjade meeste t\u00fcrannia. \u00d5nnis on see, kes seltsimehelikkuse ja kohusetunde nimel juhib eksinud l\u00e4bi pimeduse oru, sest tema on t\u00f5epoolest oma venna hoidja ja kadunud laste leidja. Ja ma taban suure k\u00e4ttemaksu ja raevuka vihaga neid, kes p\u00fc\u00fcavad vangistada ja h\u00e4vitada mu venda; ja te teate, et minu kutsung on Sandy 1, kui mu k\u00e4ttemaks teile peale langeb. Aamen.\u201c<\/p>\n<p>Meedias p\u00f6\u00f6rati koheselt t\u00e4helepanu asjaolule, et suur osa Hegsethi esitatud palvest sarnanes monoloogiga filmist \u201ePulp Fiction\u201c.<\/p>\n<p>Nimelt loeb filmis n\u00e4itleja Samuel L. Jacksoni kehastatud tegelane enne v\u00e4givaldsete tegude sooritamist ette l\u00f5igu, mida ta v\u00e4idab olevat Hesekieli 25:17. Tegelikkuses on filmis esitatud versioon suures osas v\u00e4lja m\u00f5eldud.<\/p>\n<p>Kuidas see lugu Sind end tundma pani? Saada <a href=\"https:\/\/www.delfi.ee\/artikkel\/120569191\/pete-hegseth-luges-pentagoni-jutluse-ajal-ette-valjamoeldud-piiblitsitaati-filmist-pulp-fiction\/kommentaarid\" class=\"article-body-bottom__comment article-body-bottom__comment--write button button--primary button--size-auto\" rel=\"nofollow noopener\" target=\"_blank\"> Kommenteeri <\/a><a href=\"https:\/\/www.delfi.ee\/artikkel\/120569191\/pete-hegseth-luges-pentagoni-jutluse-ajal-ette-valjamoeldud-piiblitsitaati-filmist-pulp-fiction\/kommentaarid\" class=\"article-body-bottom__comment article-body-bottom__comment--read button button--size-auto\" rel=\"nofollow noopener\" target=\"_blank\"> Loe kommentaare (4)<\/a><\/p>\n","protected":false},"excerpt":{"rendered":"Meediateadete kohaselt jagas Hegseth oma s\u00f5nav\u00f5tus palvet, mille esitas tema v\u00e4itel \u00fcksuse \u201eSandy 1\u201c peamine missiooniplaneerija enne k\u00f5iki&hellip;\n","protected":false},"author":2,"featured_media":155319,"comment_status":"","ping_status":"","sticky":false,"template":"","format":"standard","meta":{"footnotes":"","_share_on_mastodon":"0"},"categories":[16],"tags":[37,33,35,173,34,36,140,460,1205,29032,52990,325],"class_list":["post-155318","post","type-post","status-publish","format-standard","has-post-thumbnail","category-meelelahutus","tag-ee","tag-eesti","tag-eesti-keel","tag-entertainment","tag-estonia","tag-estonian","tag-meelelahutus","tag-pentagon","tag-pete-hegseth","tag-piibel","tag-pulp-fiction","tag-usa"],"share_on_mastodon":{"url":"https:\/\/pubeurope.com\/@ee\/116415820156367133","error":""},"_links":{"self":[{"href":"https:\/\/www.europesays.com\/ee\/wp-json\/wp\/v2\/posts\/155318","targetHints":{"allow":["GET"]}}],"collection":[{"href":"https:\/\/www.europesays.com\/ee\/wp-json\/wp\/v2\/posts"}],"about":[{"href":"https:\/\/www.europesays.com\/ee\/wp-json\/wp\/v2\/types\/post"}],"author":[{"embeddable":true,"href":"https:\/\/www.europesays.com\/ee\/wp-json\/wp\/v2\/users\/2"}],"replies":[{"embeddable":true,"href":"https:\/\/www.europesays.com\/ee\/wp-json\/wp\/v2\/comments?post=155318"}],"version-history":[{"count":0,"href":"https:\/\/www.europesays.com\/ee\/wp-json\/wp\/v2\/posts\/155318\/revisions"}],"wp:featuredmedia":[{"embeddable":true,"href":"https:\/\/www.europesays.com\/ee\/wp-json\/wp\/v2\/media\/155319"}],"wp:attachment":[{"href":"https:\/\/www.europesays.com\/ee\/wp-json\/wp\/v2\/media?parent=155318"}],"wp:term":[{"taxonomy":"category","embeddable":true,"href":"https:\/\/www.europesays.com\/ee\/wp-json\/wp\/v2\/categories?post=155318"},{"taxonomy":"post_tag","embeddable":true,"href":"https:\/\/www.europesays.com\/ee\/wp-json\/wp\/v2\/tags?post=155318"}],"curies":[{"name":"wp","href":"https:\/\/api.w.org\/{rel}","templated":true}]}}