{"id":155329,"date":"2026-04-16T18:45:09","date_gmt":"2026-04-16T18:45:09","guid":{"rendered":"https:\/\/www.europesays.com\/ee\/155329\/"},"modified":"2026-04-16T18:45:09","modified_gmt":"2026-04-16T18:45:09","slug":"tehnoloogiaopetajad-oppisid-lennuakadeemias-droonide-ehitust-ja-lennutamist-eesti","status":"publish","type":"post","link":"https:\/\/www.europesays.com\/ee\/155329\/","title":{"rendered":"Tehnoloogia\u00f5petajad \u00f5ppisid lennuakadeemias droonide ehitust ja lennutamist | Eesti"},"content":{"rendered":"<p>Eesti lennuakadeemias kogunesid neljap\u00e4eval tehnoloogia\u00f5petajad, et \u00f5ppida droonide ehituse ja lennutamise kohta. Huvi droonide vastu on koolides suur, kuid puudu on veel \u00f5petamise oskuseid ja vahendeid.<\/p>\n<p>Kui \u00fcldjuhul on tehnoloogia\u00f5petajad harjunud tarkust ja oskuseid jagama, siis neljap\u00e4eval lennuakadeemias kohal olnud \u00f5petajad asusid ise koolipingis oma teadmiseid t\u00e4iendama. Droonide kokku panemise ja programmeerimise osa tehnoloogia\u00f5petajatele suurt raskust ei valmistanud. K\u00e4ppa tuli saada lennutamine.<\/p>\n<p>&#8220;See lennutamise osa on p\u00e4ris keeruline, et \u00f5petajad siin proovivad ja need esimesed kogemused on k\u00fcll lakke ja otse maha tagasi,&#8221; s\u00f5nas Aruk\u00fcla p\u00f5hikooli tehnoloogia\u00f5petaja Aron Lips.<\/p>\n<p>Kuna ka Elva g\u00fcmnaasiumis plaanitakse j\u00e4rgmisest \u00f5ppeaastast pakkuda valikkursust, kus oleks v\u00f5imalik \u00f5ppida droonide ehitamist ja lennutamist, asus ka selle kooli tehnoloogia\u00f5petaja oma teadmiseid t\u00e4iendama. Praegu drooni\u00f5ppe v\u00f5imalust koolis ei ole.<\/p>\n<p>&#8220;Tore on vaadata, kuidas lapsed m\u00e4ngivad selliste m\u00e4nguasjadega, aga n\u00fc\u00fcd tahaks ise selle asja sisusse s\u00fc\u00fcbida ja ei ole kerge, et kindlasti noortel on see asi rohkem k\u00e4pas. Eks me p\u00fc\u00fcame ka sammu pidada. Ise \u00f5pin selgeks ja l\u00e4hen \u00f5pilastele r\u00e4\u00e4kima, mida me \u00f5ppisime ja seda kogemust edasi andma ja tekitama uue taseme kooli,&#8221; lausus Elva g\u00fcmnaasiumi tehnoloogia\u00f5petaja Illimar L\u00f5iv.<\/p>\n<p>Ka Aruk\u00fcla p\u00f5hikooli tehnoloogia\u00f5petaja s\u00f5nul on koolis tehnoloogia ja droonide vastu \u00f5pilastel huvi rohkelt, kuid v\u00f5imalusi praegu napib.<\/p>\n<p>&#8220;Pigem kogu see kupatus j\u00e4\u00e4b raha taha. Need komponendid on suhteliselt kallid ja ei saa k\u00f5ikidele pakkuda seda hetkel. Siit saab \u00fche komplekti kaasa, et saaks huvigrupiga toimetada. Ehk siis insenerideliit, t\u00f6\u00f6\u00f5petusselts, tehnoloogiakasvatuse liit saavad koost\u00f6\u00f6s riigikaitseametiga selle rahastuse. sest \u00fcht drooni teha terve klassiga, kus on 16 last, ei ole v\u00e4ga motiveeriv, et neid peaks olema paari peale \u00fcks,&#8221; \u00fctles Lips.<\/p>\n<p>Eesti inseneride liidu andmetel on ligi k\u00fcmme protsenti p\u00f5hikoolides v\u00f5imekus anda edasi drooni\u00f5pet. Lootus on, et selliste koolide osakaal ajas kasvab.<\/p>\n<p>&#8220;\u00dcldine eesm\u00e4rk ongi see, et drooni\u00f5petus v\u00f5i huvi tekiks juba v\u00f5rdlemisi madalas eas, et teaksid juba p\u00f5hikooli\u00f5pilased ja g\u00fcmnaasiumi\u00f5pilased, mis asi see droon on. Lennuakadeemia roll on anda professionaalsust ja tuletada meelde, et niipea kui droon \u00f5hku t\u00f5useb, on ta \u00f5hus\u00f5iduk ja seal on ka omad reeglid, mis tuleb t\u00e4ita,&#8221; lausus lennuakadeemia droonide valdkonna koolitusjuht Oskar Saarepera.<\/p>\n","protected":false},"excerpt":{"rendered":"Eesti lennuakadeemias kogunesid neljap\u00e4eval tehnoloogia\u00f5petajad, et \u00f5ppida droonide ehituse ja lennutamise kohta. Huvi droonide vastu on koolides suur,&hellip;\n","protected":false},"author":2,"featured_media":155330,"comment_status":"","ping_status":"","sticky":false,"template":"","format":"standard","meta":{"footnotes":"","_share_on_mastodon":"0"},"categories":[14],"tags":[131,73305,130,1274,14322,73303,37,33,35,34,36,73306,73304],"class_list":["post-155329","post","type-post","status-publish","format-standard","has-post-thumbnail","category-ari","tag-ari","tag-aron-lips","tag-business","tag-droonid","tag-drooniope","tag-drooniopetus","tag-ee","tag-eesti","tag-eesti-keel","tag-estonia","tag-estonian","tag-illimar-loiv","tag-oskar-saarepera"],"share_on_mastodon":{"url":"https:\/\/pubeurope.com\/@ee\/116415872047679894","error":""},"_links":{"self":[{"href":"https:\/\/www.europesays.com\/ee\/wp-json\/wp\/v2\/posts\/155329","targetHints":{"allow":["GET"]}}],"collection":[{"href":"https:\/\/www.europesays.com\/ee\/wp-json\/wp\/v2\/posts"}],"about":[{"href":"https:\/\/www.europesays.com\/ee\/wp-json\/wp\/v2\/types\/post"}],"author":[{"embeddable":true,"href":"https:\/\/www.europesays.com\/ee\/wp-json\/wp\/v2\/users\/2"}],"replies":[{"embeddable":true,"href":"https:\/\/www.europesays.com\/ee\/wp-json\/wp\/v2\/comments?post=155329"}],"version-history":[{"count":0,"href":"https:\/\/www.europesays.com\/ee\/wp-json\/wp\/v2\/posts\/155329\/revisions"}],"wp:featuredmedia":[{"embeddable":true,"href":"https:\/\/www.europesays.com\/ee\/wp-json\/wp\/v2\/media\/155330"}],"wp:attachment":[{"href":"https:\/\/www.europesays.com\/ee\/wp-json\/wp\/v2\/media?parent=155329"}],"wp:term":[{"taxonomy":"category","embeddable":true,"href":"https:\/\/www.europesays.com\/ee\/wp-json\/wp\/v2\/categories?post=155329"},{"taxonomy":"post_tag","embeddable":true,"href":"https:\/\/www.europesays.com\/ee\/wp-json\/wp\/v2\/tags?post=155329"}],"curies":[{"name":"wp","href":"https:\/\/api.w.org\/{rel}","templated":true}]}}