{"id":155365,"date":"2026-04-16T20:01:18","date_gmt":"2026-04-16T20:01:18","guid":{"rendered":"https:\/\/www.europesays.com\/ee\/155365\/"},"modified":"2026-04-16T20:01:18","modified_gmt":"2026-04-16T20:01:18","slug":"soome-hoiskab-jaahokikoondise-uks-suurimaid-tahti-osaleb-10-aastase-pausi-jarel-mm-il","status":"publish","type":"post","link":"https:\/\/www.europesays.com\/ee\/155365\/","title":{"rendered":"Soome h\u00f5iskab: j\u00e4\u00e4hokikoondise \u00fcks suurimaid t\u00e4hti osaleb 10-aastase pausi j\u00e4rel MM-il"},"content":{"rendered":"<p>Lisaks Barkovile on Soome koondist \u0160veitsis toimuvatel maailmameistriv\u00f5istlustel esindamas Anton Lundell. Nii Barkov kui Lundell m\u00e4ngivad klubihokit ookeani taga <a rel=\"noopener nofollow\" target=\"_blank\" href=\"https:\/\/www.delfi.ee\/teema\/56817664\/nhl\" tag-id=\"56817664\">NHL<\/a>-is, esindades seal <a rel=\"noopener nofollow\" target=\"_blank\" href=\"https:\/\/www.delfi.ee\/teema\/56503352\/florida-panthers\" tag-id=\"56503352\">Florida Panthersi<\/a> v\u00f5istkonda. Kui mullu ja tunamullu tuldi klubiga Stanley karika v\u00f5itjaks, siis t\u00e4navu ei p\u00e4\u00e4seta isegi mitte play-off\u00b4i. Kogu koondise koosseis on alles selgumisel.<\/p>\n<p>\u201eSoome esindamine on minu jaoks alati olnud auasi. Tunnen end suurep\u00e4raselt, et saan L\u00f5videga (Soome koondise h\u00fc\u00fcdnimi &#8211; toim) koos m\u00e4ngida ja reisida,\u201c \u00fctles Barkov Leijonat.fi vahendusel.<\/p>\n<p>Barkovi koondisega liitumine on eriti m\u00e4rgiline, kuna viimati osales ta Soomega MM-il 10 aastat tagasi, 2016. aastal, kui Venemaal toimunud turniirilt v\u00f5ideti h\u00f5bemedal. Milano-Cortina ol\u00fcmpiam\u00e4ngud j\u00e4id Barkovil vahele hooajaeelses treeninglaagris saadud parema jala p\u00f5lve eesmise ristatisideme rebendi t\u00f5ttu, mille tulemusena ei saanud ta t\u00e4navu ka NHL-is kirja ainsatki m\u00e4ngu.<\/p>\n<p>See-eest eelmistel hooaegadel, kui Panthers tuli Stanley karika v\u00f5itjaks, oli Barkov \u00fcheks v\u00f5istkonna liidritest. Hooajal 2023\/24 kogus ta 102 (31 v\u00e4ravat ja 71 resultatiivset s\u00f6\u00f6tu) resultatiivsuspunkti ja sellest j\u00e4rgmisel hooajal 93 (26 v\u00e4ravat ja 67 resultatiivset s\u00f6\u00f6tu) resultatiivsuspunkti.<\/p>\n<p>Maailmameistriv\u00f5istlused \u0160veitsis algavad 15. mail. Soome kuulub \u017d\u00fcrichis m\u00e4ngitavasse A-alagruppi koos L\u00e4ti, Saksamaa, \u0160veitsi, Suurbritannia, USA, Austria ja Ungariga. B-alagrupis, mille m\u00e4ngud toimuvad Fribourgis, kuuluvad T\u0161ehhi, Taani, Itaalia, Norra, Slovakkia, Sloveenia, Rootsi ja Kanada.<\/p>\n<p>Kuidas see lugu Sind end tundma pani? Saada <a href=\"https:\/\/sport.delfi.ee\/artikkel\/120569205\/soome-hoiskab-jaahokikoondise-uks-suurimaid-tahti-osaleb-10-aastase-pausi-jarel-mm-il\/kommentaarid\" class=\"article-body-bottom__comment article-body-bottom__comment--write button button--primary button--size-auto\" rel=\"nofollow noopener\" target=\"_blank\"> Kommenteeri <\/a><a href=\"https:\/\/sport.delfi.ee\/artikkel\/120569205\/soome-hoiskab-jaahokikoondise-uks-suurimaid-tahti-osaleb-10-aastase-pausi-jarel-mm-il\/kommentaarid\" class=\"article-body-bottom__comment article-body-bottom__comment--read button button--size-auto\" rel=\"nofollow noopener\" target=\"_blank\"> Loe kommentaare <\/a><\/p>\n","protected":false},"excerpt":{"rendered":"Lisaks Barkovile on Soome koondist \u0160veitsis toimuvatel maailmameistriv\u00f5istlustel esindamas Anton Lundell. Nii Barkov kui Lundell m\u00e4ngivad klubihokit ookeani&hellip;\n","protected":false},"author":2,"featured_media":155366,"comment_status":"","ping_status":"","sticky":false,"template":"","format":"standard","meta":{"footnotes":"","_share_on_mastodon":"0"},"categories":[18],"tags":[4938,37,33,35,34,36,4937,4936,5656,159,158],"class_list":["post-155365","post","type-post","status-publish","format-standard","has-post-thumbnail","category-sport","tag-aleksander-barkov","tag-ee","tag-eesti","tag-eesti-keel","tag-estonia","tag-estonian","tag-florida-panthers","tag-nhl","tag-soome-jaahokikoondis","tag-sport","tag-sports"],"share_on_mastodon":{"url":"https:\/\/pubeurope.com\/@ee\/116416171028969595","error":""},"_links":{"self":[{"href":"https:\/\/www.europesays.com\/ee\/wp-json\/wp\/v2\/posts\/155365","targetHints":{"allow":["GET"]}}],"collection":[{"href":"https:\/\/www.europesays.com\/ee\/wp-json\/wp\/v2\/posts"}],"about":[{"href":"https:\/\/www.europesays.com\/ee\/wp-json\/wp\/v2\/types\/post"}],"author":[{"embeddable":true,"href":"https:\/\/www.europesays.com\/ee\/wp-json\/wp\/v2\/users\/2"}],"replies":[{"embeddable":true,"href":"https:\/\/www.europesays.com\/ee\/wp-json\/wp\/v2\/comments?post=155365"}],"version-history":[{"count":0,"href":"https:\/\/www.europesays.com\/ee\/wp-json\/wp\/v2\/posts\/155365\/revisions"}],"wp:featuredmedia":[{"embeddable":true,"href":"https:\/\/www.europesays.com\/ee\/wp-json\/wp\/v2\/media\/155366"}],"wp:attachment":[{"href":"https:\/\/www.europesays.com\/ee\/wp-json\/wp\/v2\/media?parent=155365"}],"wp:term":[{"taxonomy":"category","embeddable":true,"href":"https:\/\/www.europesays.com\/ee\/wp-json\/wp\/v2\/categories?post=155365"},{"taxonomy":"post_tag","embeddable":true,"href":"https:\/\/www.europesays.com\/ee\/wp-json\/wp\/v2\/tags?post=155365"}],"curies":[{"name":"wp","href":"https:\/\/api.w.org\/{rel}","templated":true}]}}