{"id":155574,"date":"2026-04-17T05:49:10","date_gmt":"2026-04-17T05:49:10","guid":{"rendered":"https:\/\/www.europesays.com\/ee\/155574\/"},"modified":"2026-04-17T05:49:10","modified_gmt":"2026-04-17T05:49:10","slug":"foto-alo-mattiiseni-hitt-sai-uusversiooni","status":"publish","type":"post","link":"https:\/\/www.europesays.com\/ee\/155574\/","title":{"rendered":"FOTO | Alo Mattiiseni hitt sai uusversiooni"},"content":{"rendered":"<p><img decoding=\"async\" src=\"https:\/\/www.europesays.com\/ee\/wp-content\/uploads\/2026\/04\/8f2f3845-a01c-4db2-b9bb-b98fa52954e1.jpg\" loading=\"lazy\" alt=\"KAADER SALVESTUSELT Esireas vasakult lauljad Silver Laas, Hardi Volmer, Reet Linna, Liisi Koikson, Kare Kauks ja Lauri Pihlap. Tagareas vasakult Ott Lepland, Robert Linna, Toomas Lunge, Marten Kuningas, Jaan Elgula, Ivo Linna ja Karl Madis. \"\/><\/p>\n<p>KAADER SALVESTUSELT Esireas vasakult lauljad Silver Laas, Hardi Volmer, Reet Linna, Liisi Koikson, Kare Kauks ja Lauri Pihlap. Tagareas vasakult Ott Lepland, Robert Linna, Toomas Lunge, Marten Kuningas, Jaan Elgula, Ivo Linna ja Karl Madis. <\/p>\n<p>FOTO: Tiit Blaat| Delfi Meedia<\/p>\n<p><a rel=\"noopener nofollow\" target=\"_blank\" href=\"https:\/\/www.delfi.ee\/teema\/96856538\/delfi-meedia\" tag-id=\"96856538\">Delfi Meedia<\/a> eestv\u00f5ttel salvestati helilooja <a rel=\"noopener nofollow\" target=\"_blank\" href=\"https:\/\/www.delfi.ee\/teema\/44609481\/alo-mattiisen\" tag-id=\"44609481\">Alo Mattiiseni<\/a> 65. s\u00fcnniaastap\u00e4eva auks uuesti \u00fcks tema tuntumatest isamaalistest lauludest \u201eEi ole \u00fcksi \u00fckski maa\u201c, mille uusversioonis k\u00f5lab k\u00fcmmekonna tuntud Eesti laulja h\u00e4\u00e4l. <\/p>\n","protected":false},"excerpt":{"rendered":"KAADER SALVESTUSELT Esireas vasakult lauljad Silver Laas, Hardi Volmer, Reet Linna, Liisi Koikson, Kare Kauks ja Lauri Pihlap.&hellip;\n","protected":false},"author":2,"featured_media":155575,"comment_status":"","ping_status":"","sticky":false,"template":"","format":"standard","meta":{"footnotes":"","_share_on_mastodon":"0"},"categories":[16],"tags":[10029,8458,37,33,35,173,34,36,140],"class_list":["post-155574","post","type-post","status-publish","format-standard","has-post-thumbnail","category-meelelahutus","tag-alo-mattiisen","tag-delfi-meedia","tag-ee","tag-eesti","tag-eesti-keel","tag-entertainment","tag-estonia","tag-estonian","tag-meelelahutus"],"share_on_mastodon":{"url":"https:\/\/pubeurope.com\/@ee\/116418482331547149","error":""},"_links":{"self":[{"href":"https:\/\/www.europesays.com\/ee\/wp-json\/wp\/v2\/posts\/155574","targetHints":{"allow":["GET"]}}],"collection":[{"href":"https:\/\/www.europesays.com\/ee\/wp-json\/wp\/v2\/posts"}],"about":[{"href":"https:\/\/www.europesays.com\/ee\/wp-json\/wp\/v2\/types\/post"}],"author":[{"embeddable":true,"href":"https:\/\/www.europesays.com\/ee\/wp-json\/wp\/v2\/users\/2"}],"replies":[{"embeddable":true,"href":"https:\/\/www.europesays.com\/ee\/wp-json\/wp\/v2\/comments?post=155574"}],"version-history":[{"count":0,"href":"https:\/\/www.europesays.com\/ee\/wp-json\/wp\/v2\/posts\/155574\/revisions"}],"wp:featuredmedia":[{"embeddable":true,"href":"https:\/\/www.europesays.com\/ee\/wp-json\/wp\/v2\/media\/155575"}],"wp:attachment":[{"href":"https:\/\/www.europesays.com\/ee\/wp-json\/wp\/v2\/media?parent=155574"}],"wp:term":[{"taxonomy":"category","embeddable":true,"href":"https:\/\/www.europesays.com\/ee\/wp-json\/wp\/v2\/categories?post=155574"},{"taxonomy":"post_tag","embeddable":true,"href":"https:\/\/www.europesays.com\/ee\/wp-json\/wp\/v2\/tags?post=155574"}],"curies":[{"name":"wp","href":"https:\/\/api.w.org\/{rel}","templated":true}]}}