{"id":15594,"date":"2025-10-09T14:11:07","date_gmt":"2025-10-09T14:11:07","guid":{"rendered":"https:\/\/www.europesays.com\/ee\/15594\/"},"modified":"2025-10-09T14:11:07","modified_gmt":"2025-10-09T14:11:07","slug":"valitsus-plaanib-kulutada-12-miljonit-eurot-automaksu-raha-et-teha-kruusateid-tolmuvabaks","status":"publish","type":"post","link":"https:\/\/www.europesays.com\/ee\/15594\/","title":{"rendered":"Valitsus plaanib kulutada 12 miljonit eurot automaksu raha, et teha kruusateid tolmuvabaks"},"content":{"rendered":"<p>\u201eHea uudis on k\u00f5igile, kes on tee-entusiastid,\u201c lausus t\u00e4na valitsuse pressikonverentsil peaminister <a rel=\"noopener nofollow\" target=\"_blank\" href=\"https:\/\/www.delfi.ee\/teema\/56497582\/kristen-michal\" tag-id=\"56497582\">Kristen Michal<\/a> (<a rel=\"noopener nofollow\" target=\"_blank\" href=\"https:\/\/www.delfi.ee\/teema\/31995611\/reformierakond\" tag-id=\"31995611\">Reformierakond<\/a>). Ta r\u00e4\u00e4kis, et teede ehitusse ja korrashoidu tuleb rohkem raha juurde t\u00e4nu automaksu laekumisele.<\/p>\n<p>Taristuminister <a rel=\"noopener nofollow\" target=\"_blank\" href=\"https:\/\/www.delfi.ee\/teema\/66205092\/kuldar-leis\" tag-id=\"66205092\">Kuldar Leis<\/a> (Reformierakond) s\u00f5nas Delfile, et valitsusel on plaan kulutada 12 miljonit eurot aastas selleks, et viia suurema koormusega riigile kuuluvaid kruusateid musta teekatte alla. Suurem koormus t\u00e4hendab seda, et kruusateel on liiklussagedus \u00fcle 50 auto \u00f6\u00f6p\u00e4evas. Mustkate on kruusast ja vedelbituumenist kokkusegatud teekate. <\/p>\n<p>Oled juba tellija?  Logi sisse <\/p>\n<p>       <a href=\"https:\/\/www.delfi.ee\/artikkel\/120409263\/valitsus-plaanib-kulutada-12-miljonit-eurot-automaksu-raha-et-teha-kruusateid-tolmuvabaks\/kommentaarid\" class=\"article-body-bottom__comment article-body-bottom__comment--write button button--primary button--size-auto\" rel=\"nofollow noopener\" target=\"_blank\"><br \/>\n        Kommenteeri<br \/>\n       <\/a> <a href=\"https:\/\/www.delfi.ee\/artikkel\/120409263\/valitsus-plaanib-kulutada-12-miljonit-eurot-automaksu-raha-et-teha-kruusateid-tolmuvabaks\/kommentaarid\" class=\"article-body-bottom__comment article-body-bottom__comment--read button button--size-auto\" rel=\"nofollow noopener\" target=\"_blank\"><br \/>\n        Loe kommentaare (11) <\/a>  <\/p>\n","protected":false},"excerpt":{"rendered":"\u201eHea uudis on k\u00f5igile, kes on tee-entusiastid,\u201c lausus t\u00e4na valitsuse pressikonverentsil peaminister Kristen Michal (Reformierakond). Ta r\u00e4\u00e4kis, et&hellip;\n","protected":false},"author":2,"featured_media":15595,"comment_status":"","ping_status":"","sticky":false,"template":"","format":"standard","meta":{"footnotes":""},"categories":[12],"tags":[26,27,37,33,35,34,36,31,32,21,646,4039,28,29,4038,6080,19,25,643,9869,9868,23,24,22,20,30],"class_list":{"0":"post-15594","1":"post","2":"type-post","3":"status-publish","4":"format-standard","5":"has-post-thumbnail","7":"category-eesti","8":"tag-breaking-news","9":"tag-breakingnews","10":"tag-ee","11":"tag-eesti","12":"tag-eesti-keel","13":"tag-estonia","14":"tag-estonian","15":"tag-featured-news","16":"tag-featurednews","17":"tag-headlines","18":"tag-kristen-michal","19":"tag-kuldar-leis","20":"tag-latest-news","21":"tag-latestnews","22":"tag-leisi","23":"tag-majandus-ja-taristuminister","24":"tag-news","25":"tag-populaarseimad-lood","26":"tag-reformierakond","27":"tag-tee-ehitus","28":"tag-teedeehitus","29":"tag-top-stories","30":"tag-topstories","31":"tag-uldised-uudised","32":"tag-uudised","33":"tag-viimased-uudised"},"share_on_mastodon":{"url":"","error":""},"_links":{"self":[{"href":"https:\/\/www.europesays.com\/ee\/wp-json\/wp\/v2\/posts\/15594","targetHints":{"allow":["GET"]}}],"collection":[{"href":"https:\/\/www.europesays.com\/ee\/wp-json\/wp\/v2\/posts"}],"about":[{"href":"https:\/\/www.europesays.com\/ee\/wp-json\/wp\/v2\/types\/post"}],"author":[{"embeddable":true,"href":"https:\/\/www.europesays.com\/ee\/wp-json\/wp\/v2\/users\/2"}],"replies":[{"embeddable":true,"href":"https:\/\/www.europesays.com\/ee\/wp-json\/wp\/v2\/comments?post=15594"}],"version-history":[{"count":0,"href":"https:\/\/www.europesays.com\/ee\/wp-json\/wp\/v2\/posts\/15594\/revisions"}],"wp:featuredmedia":[{"embeddable":true,"href":"https:\/\/www.europesays.com\/ee\/wp-json\/wp\/v2\/media\/15595"}],"wp:attachment":[{"href":"https:\/\/www.europesays.com\/ee\/wp-json\/wp\/v2\/media?parent=15594"}],"wp:term":[{"taxonomy":"category","embeddable":true,"href":"https:\/\/www.europesays.com\/ee\/wp-json\/wp\/v2\/categories?post=15594"},{"taxonomy":"post_tag","embeddable":true,"href":"https:\/\/www.europesays.com\/ee\/wp-json\/wp\/v2\/tags?post=15594"}],"curies":[{"name":"wp","href":"https:\/\/api.w.org\/{rel}","templated":true}]}}