{"id":155945,"date":"2026-04-17T13:12:09","date_gmt":"2026-04-17T13:12:09","guid":{"rendered":"https:\/\/www.europesays.com\/ee\/155945\/"},"modified":"2026-04-17T13:12:09","modified_gmt":"2026-04-17T13:12:09","slug":"poff-i-30-sunnipaeval-toimub-tallinnas-teadus-ja-faktipohise-sisu-tootjate-kongress-film","status":"publish","type":"post","link":"https:\/\/www.europesays.com\/ee\/155945\/","title":{"rendered":"P\u00d6FF-i 30. s\u00fcnnip\u00e4eval toimub Tallinnas teadus- ja faktip\u00f5hise sisu tootjate kongress | Film"},"content":{"rendered":"<p>National Geographic, BBC, Netflix ja paljud teised juhtivad faktip\u00f5hise sisu tootjad kogunevad Pimedate \u00d6\u00f6de filmifestivali 30. s\u00fcnnip\u00e4eva puhul Tallinna, kus toimub World Congress of Science and Factual Producers. Maailmakongress toob Eestisse ligi 600 delegaati 30 riigist.<\/p>\n<p>Teadus- ja faktip\u00f5hise sisu tootjate maailmakongress on teadus-, ajaloo-, loodus- ja muule faktip\u00f5hisele sisuloomele p\u00fchendatud foorum, mis \u00fchendab loojaid, tootjaid, levitajaid, ringh\u00e4\u00e4linguid ja voogedastusplatvorme \u00fcle kogu maailma. Eelmisel aastal toimus kongress Rio de Janeiros.\u00a0<\/p>\n<p>&#8220;Me jagame P\u00d6FF-iga \u00fchist kirge innovatsiooni vastu \u2013 sellep\u00e4rast otsustasime esimest korda kohtuda Eestis, mida tunnustatakse maailmas kui \u00fcht arenenumat digi\u00fchiskonda,&#8221; \u00fctles kongressi n\u00f5ukogu esimees Patrick H\u00f6rl.<\/p>\n<p>P\u00d6FF-i direktori Tiina Loki s\u00f5nul n\u00e4itab sellise mastaabiga s\u00fcndmuse j\u00f5udmine Tallinna, et P\u00d6FF-il ja selle filmit\u00f6\u00f6stus\u00fcritusel Industry@Tallinn &amp; Baltic Event on maailmas v\u00e4ga hea maine. &#8220;Me oleme uhked, et kongress on valinud meid oma partneriks ja me saame olla rahvusvahelise t\u00f6\u00f6stuse juhtkujude ning Eesti loomesektori vahendajaks,&#8221; \u00fctles ta.<\/p>\n<p>\u00dcks olulisemaid teemasid, mida eeloleval kongressil k\u00e4sitletakse, on tehisintellekti kiire areng ja selle m\u00f5ju valdkonnale.<\/p>\n<p>&#8220;K\u00e4es on p\u00f6\u00f6rdepunkt ja me vajame ausat arutelu, et ergutada v\u00e4rsket m\u00f5tlemist. Soovin kaasata meie tegevusse rohkem uue p\u00f5lvkonna sisuloojaid, et saaksime \u00fcheskoos avastada uusi viise t\u00e4htsate lugude jutustamiseks,&#8221; s\u00f5nas kongressi uus juht Sara Ramsden.<\/p>\n<p>Pimedate \u00d6\u00f6de filmifestival leiab aset 6.\u201322. novembrini.<\/p>\n","protected":false},"excerpt":{"rendered":"National Geographic, BBC, Netflix ja paljud teised juhtivad faktip\u00f5hise sisu tootjad kogunevad Pimedate \u00d6\u00f6de filmifestivali 30. s\u00fcnnip\u00e4eva puhul&hellip;\n","protected":false},"author":2,"featured_media":155946,"comment_status":"","ping_status":"","sticky":false,"template":"","format":"standard","meta":{"footnotes":"","_share_on_mastodon":"0"},"categories":[16],"tags":[37,33,35,173,34,36,140,2870,73506],"class_list":["post-155945","post","type-post","status-publish","format-standard","has-post-thumbnail","category-meelelahutus","tag-ee","tag-eesti","tag-eesti-keel","tag-entertainment","tag-estonia","tag-estonian","tag-meelelahutus","tag-poff","tag-world-congress-of-science-and-factual-producers"],"share_on_mastodon":{"url":"https:\/\/pubeurope.com\/@ee\/116420224312026154","error":""},"_links":{"self":[{"href":"https:\/\/www.europesays.com\/ee\/wp-json\/wp\/v2\/posts\/155945","targetHints":{"allow":["GET"]}}],"collection":[{"href":"https:\/\/www.europesays.com\/ee\/wp-json\/wp\/v2\/posts"}],"about":[{"href":"https:\/\/www.europesays.com\/ee\/wp-json\/wp\/v2\/types\/post"}],"author":[{"embeddable":true,"href":"https:\/\/www.europesays.com\/ee\/wp-json\/wp\/v2\/users\/2"}],"replies":[{"embeddable":true,"href":"https:\/\/www.europesays.com\/ee\/wp-json\/wp\/v2\/comments?post=155945"}],"version-history":[{"count":0,"href":"https:\/\/www.europesays.com\/ee\/wp-json\/wp\/v2\/posts\/155945\/revisions"}],"wp:featuredmedia":[{"embeddable":true,"href":"https:\/\/www.europesays.com\/ee\/wp-json\/wp\/v2\/media\/155946"}],"wp:attachment":[{"href":"https:\/\/www.europesays.com\/ee\/wp-json\/wp\/v2\/media?parent=155945"}],"wp:term":[{"taxonomy":"category","embeddable":true,"href":"https:\/\/www.europesays.com\/ee\/wp-json\/wp\/v2\/categories?post=155945"},{"taxonomy":"post_tag","embeddable":true,"href":"https:\/\/www.europesays.com\/ee\/wp-json\/wp\/v2\/tags?post=155945"}],"curies":[{"name":"wp","href":"https:\/\/api.w.org\/{rel}","templated":true}]}}