{"id":15597,"date":"2025-10-09T14:19:07","date_gmt":"2025-10-09T14:19:07","guid":{"rendered":"https:\/\/www.europesays.com\/ee\/15597\/"},"modified":"2025-10-09T14:19:07","modified_gmt":"2025-10-09T14:19:07","slug":"fotod-a-le-coq-arenal-avati-jalgpallimuuseum-jalgpall-2","status":"publish","type":"post","link":"https:\/\/www.europesays.com\/ee\/15597\/","title":{"rendered":"FOTOD | A. Le Coq Arenal avati jalgpallimuuseum | Jalgpall"},"content":{"rendered":"<p>Eesti Spordi- ja Ol\u00fcmpiamuuseum ning Eesti Jalgpalli Liit avasid neljap\u00e4eval A. Le Coq Arenal elamusliku jalgpallimuuseumi, kus on eksponeeritud erinevaid esemeid ja materjali Eesti jalgpalli ajaloost. K\u00fclalistele avatakse muuseum 11. oktoobril ehk Eesti ja Itaalia vahelise kohtumisega samal p\u00e4eval.<\/p>\n<p>Muuseumis saab testida oma osavust Karl Jakob Heina vastu reaktsiooniseinal, kommenteerida p\u00e4ris kommentaatoriboksis m\u00e4ngu koos legendaarse Tarmo Tiisleriga, panna end tehnoloogia abil tippjalgpalluri rolli ja kogeda eriefektidega elamuskino.<\/p>\n<p>Spordimuuseumi juhatuse liige Siim Randoja \u00fctles ERR-ile, et jalgpallimuuseumi s\u00fcnnilugu on tegelikult p\u00e4ris pikk. &#8220;Oleme Tartus Eesti Spordi- ja Ol\u00fcmpiamuuseumi arendanud viimastel aastatel p\u00e4ris hoogsalt ja otsinud v\u00f5imalusi, kuidas teha spordikultuuri tutvustamist laiemaks. Oleme Tallinna lennujaamas, oleme K\u00e4\u00e4rikul ja n\u00fc\u00fcd oleme A. Le Coq Arenal, Eesti jalgpallimaailma s\u00fcdames,&#8221; \u00fctles ta.<\/p>\n<p>&#8220;[Eesti Jalgpalli Liit] tahtis muuseumi v\u00e4ga, aga nende roll on pigem olnud toetav. Nende kaudu oleme saanud v\u00e4ga palju esemeid n\u00e4itusele, samamoodi on need ruumid koost\u00f6\u00f6s Eesti Jalgpalli Liiduga jalgpallimuuseumi kasutuses.&#8221;<\/p>\n<p>&#8220;Muuseum on avatud igap\u00e4evaselt, see toimub koost\u00f6\u00f6s Sportlandiga, sisenemine muuseumisse k\u00e4ib l\u00e4bi Sportlandi jalgpallipoe. Koondisem\u00e4ngude eel ja j\u00e4rel on samamoodi v\u00f5imalik muuseumit k\u00fclastada,&#8221; lisas Randoja.<\/p>\n<p>Vitriinisaalis eksponeeritakse haruldasi Eesti jalgpallilooga seotud esemeid, sportlaste varustust, karikaid ja medaleid \u2013 iga vitriin jutustab oma loo: Eesti jalgpallitipud, kohtunike lugu, m\u00e4ngureeglid, f\u00e4nnimaailm, rahvusvahelised t\u00e4hed ja palju muud. Jalgpallimuuseum hakkab peagi pakkuma ka erinevaid haridusprogramme ja eksklusiivseid A. Le Coq Arena staadionituure. &#8220;V\u00e4ljapanek on mitmekesine, meil on siin alates 1920-ndate kuni Karl Jakob Heina ja Karol Metsa varustuseni v\u00e4lja. Lisaks esemetele on siin v\u00e4ga palju audiovisuaalset sisu, lisaks erinevaid k\u00e4ed-k\u00fclge tegevusi,&#8221; \u00fctles Randoja.<\/p>\n<p>\u00dches vitriinis on ka Aivar Pohlaku vest. &#8220;Vest sai siia t\u00e4na Aivar Pohlakule, aga see on siin mitmel p\u00f5hjusel. Me avame m\u00f5ne eseme kaudu 1990-ndate jalgpalli, taasiseseisvunud Eesti jalgpallikultuuri algust ja k\u00f5iki neid katsumusi,&#8221; selgitas Randoja. &#8220;Ja teisalt on v\u00e4ga palju k\u00fcsitud, kui oleme kellelegi r\u00e4\u00e4kinud, et Eesti jalgpallimuuseum on tulemas, siis tihtipeale on k\u00fcsitud, kas Aivar Pohlaku vest ka vitriinis on. Tegime \u00e4ra!&#8221;<\/p>\n","protected":false},"excerpt":{"rendered":"Eesti Spordi- ja Ol\u00fcmpiamuuseum ning Eesti Jalgpalli Liit avasid neljap\u00e4eval A. Le Coq Arenal elamusliku jalgpallimuuseumi, kus on&hellip;\n","protected":false},"author":2,"featured_media":15582,"comment_status":"","ping_status":"","sticky":false,"template":"","format":"standard","meta":{"footnotes":""},"categories":[18],"tags":[37,33,2246,35,9865,34,36,9866,159,158],"class_list":{"0":"post-15597","1":"post","2":"type-post","3":"status-publish","4":"format-standard","5":"has-post-thumbnail","7":"category-sport","8":"tag-ee","9":"tag-eesti","10":"tag-eesti-jalgpalli-liit","11":"tag-eesti-keel","12":"tag-eesti-spordi-ja-olumpiamuusem","13":"tag-estonia","14":"tag-estonian","15":"tag-jalgpallimuuseum","16":"tag-sport","17":"tag-sports"},"share_on_mastodon":{"url":"","error":""},"_links":{"self":[{"href":"https:\/\/www.europesays.com\/ee\/wp-json\/wp\/v2\/posts\/15597","targetHints":{"allow":["GET"]}}],"collection":[{"href":"https:\/\/www.europesays.com\/ee\/wp-json\/wp\/v2\/posts"}],"about":[{"href":"https:\/\/www.europesays.com\/ee\/wp-json\/wp\/v2\/types\/post"}],"author":[{"embeddable":true,"href":"https:\/\/www.europesays.com\/ee\/wp-json\/wp\/v2\/users\/2"}],"replies":[{"embeddable":true,"href":"https:\/\/www.europesays.com\/ee\/wp-json\/wp\/v2\/comments?post=15597"}],"version-history":[{"count":0,"href":"https:\/\/www.europesays.com\/ee\/wp-json\/wp\/v2\/posts\/15597\/revisions"}],"wp:featuredmedia":[{"embeddable":true,"href":"https:\/\/www.europesays.com\/ee\/wp-json\/wp\/v2\/media\/15582"}],"wp:attachment":[{"href":"https:\/\/www.europesays.com\/ee\/wp-json\/wp\/v2\/media?parent=15597"}],"wp:term":[{"taxonomy":"category","embeddable":true,"href":"https:\/\/www.europesays.com\/ee\/wp-json\/wp\/v2\/categories?post=15597"},{"taxonomy":"post_tag","embeddable":true,"href":"https:\/\/www.europesays.com\/ee\/wp-json\/wp\/v2\/tags?post=15597"}],"curies":[{"name":"wp","href":"https:\/\/api.w.org\/{rel}","templated":true}]}}