{"id":156065,"date":"2026-04-17T15:46:11","date_gmt":"2026-04-17T15:46:11","guid":{"rendered":"https:\/\/www.europesays.com\/ee\/156065\/"},"modified":"2026-04-17T15:46:11","modified_gmt":"2026-04-17T15:46:11","slug":"galerii-linnagaleriis-avati-priit-parna-naitus-puravik-kunst","status":"publish","type":"post","link":"https:\/\/www.europesays.com\/ee\/156065\/","title":{"rendered":"Galerii: Linnagaleriis avati Priit P\u00e4rna n\u00e4itus &#8220;Puravik&#8221; | Kunst"},"content":{"rendered":"<p>Linnagaleriis on t\u00e4nasest v\u00e4ljas Priit P\u00e4rna s\u00f6ejoonistused. N\u00e4itus nimega &#8220;Puravik&#8221; koondab P\u00e4rna s\u00f6egraafikat alates aastast 1984.<\/p>\n<p>Priit P\u00e4rna graafikas korduvad k\u00fcll samad motiivid ja karakterid kui ta joonisfilmides ja raamatuillustratsioonides v\u00f5i karikatuurides, kuid s\u00fcsi on talle juba visandimaterjalina v\u00f5imaldanud hoopis teistsugust vabadust.<\/p>\n<p>&#8220;Paralleelselt filmiga ma avastasin selle, et s\u00f6ega v\u00f5ib teha nii et, v\u00f5tan ja joonistan, mida tahan,&#8221; r\u00e4\u00e4kis P\u00e4rn.<\/p>\n<p>&#8220;Kui s\u00fcsi on paberile tehtud ja ei ole fikseeritud, siis saab selle mingi lapi v\u00f5i tekstiiliga \u00e4ra p\u00fchkida. Praktiliselt paber on puhas, aga ta ei ole p\u00e4ris puhas. Seal on midagi. Siis tuleb see huvitav m\u00e4ng, nagu dialoog, ma hakkan m\u00e4ngima sellega,&#8221; lisas legendaarne joonisfilmide autor.<\/p>\n<p>Linnagalerii n\u00e4itusel on esil ka P\u00e4rna abstraktsem pool, mis kasvas omakorda v\u00e4lja s\u00f6ega katsetamisest. Kuraator Tamara Luuk \u00fctleb, et abstraktsionism v\u00f5imaldab kunstnikul enda kohta rohkem teada saada. Priit P\u00e4rn on aga Eesti \u00fchiskonda \u00f5petanud nii-\u00f6elda kastist v\u00e4lja m\u00f5tlema.<\/p>\n<p>&#8220;Priit P\u00e4rn on tervik. Ja see, kuiv\u00f5rd osavalt ta suudab \u00e4ra kasutada iga asja spetsiifikat, s\u00f5na spetsiifikat stsenaariumites, raamatutes, karikatuuris, see on juba klassika. Ja siis muidugi veel s\u00f6ejoonistused. See on tema jaoks tohutu avastus. Ta ise v\u00e4idab, et kui ta selle avastas, sai aru, et siin on tal totaalne vabadus ja olge lahked. Nad ei taha midagi \u00f6elda,&#8221; r\u00e4\u00e4kis Luuk.<\/p>\n<p>Priit P\u00e4rna n\u00e4itus Linnagaleriis on viimane enne galerii tagasiminekut Tallinna Kunstihoonelt Eesti Kunstnike Liidu alluvusse.<\/p>\n<p>P\u00e4rna &#8220;Puravik&#8221; j\u00e4\u00e4b Linnagaleriisse vaadata viienda juulini.<\/p>\n","protected":false},"excerpt":{"rendered":"Linnagaleriis on t\u00e4nasest v\u00e4ljas Priit P\u00e4rna s\u00f6ejoonistused. N\u00e4itus nimega &#8220;Puravik&#8221; koondab P\u00e4rna s\u00f6egraafikat alates aastast 1984. Priit P\u00e4rna&hellip;\n","protected":false},"author":2,"featured_media":156066,"comment_status":"","ping_status":"","sticky":false,"template":"","format":"standard","meta":{"footnotes":"","_share_on_mastodon":"0"},"categories":[16],"tags":[37,33,35,173,34,36,140,73567,73568,7813],"class_list":["post-156065","post","type-post","status-publish","format-standard","has-post-thumbnail","category-meelelahutus","tag-ee","tag-eesti","tag-eesti-keel","tag-entertainment","tag-estonia","tag-estonian","tag-meelelahutus","tag-priit-parn","tag-puravik","tag-tallinna-linnagalerii"],"share_on_mastodon":{"url":"https:\/\/pubeurope.com\/@ee\/116420829818032967","error":""},"_links":{"self":[{"href":"https:\/\/www.europesays.com\/ee\/wp-json\/wp\/v2\/posts\/156065","targetHints":{"allow":["GET"]}}],"collection":[{"href":"https:\/\/www.europesays.com\/ee\/wp-json\/wp\/v2\/posts"}],"about":[{"href":"https:\/\/www.europesays.com\/ee\/wp-json\/wp\/v2\/types\/post"}],"author":[{"embeddable":true,"href":"https:\/\/www.europesays.com\/ee\/wp-json\/wp\/v2\/users\/2"}],"replies":[{"embeddable":true,"href":"https:\/\/www.europesays.com\/ee\/wp-json\/wp\/v2\/comments?post=156065"}],"version-history":[{"count":0,"href":"https:\/\/www.europesays.com\/ee\/wp-json\/wp\/v2\/posts\/156065\/revisions"}],"wp:featuredmedia":[{"embeddable":true,"href":"https:\/\/www.europesays.com\/ee\/wp-json\/wp\/v2\/media\/156066"}],"wp:attachment":[{"href":"https:\/\/www.europesays.com\/ee\/wp-json\/wp\/v2\/media?parent=156065"}],"wp:term":[{"taxonomy":"category","embeddable":true,"href":"https:\/\/www.europesays.com\/ee\/wp-json\/wp\/v2\/categories?post=156065"},{"taxonomy":"post_tag","embeddable":true,"href":"https:\/\/www.europesays.com\/ee\/wp-json\/wp\/v2\/tags?post=156065"}],"curies":[{"name":"wp","href":"https:\/\/api.w.org\/{rel}","templated":true}]}}