{"id":156112,"date":"2026-04-17T16:42:37","date_gmt":"2026-04-17T16:42:37","guid":{"rendered":"https:\/\/www.europesays.com\/ee\/156112\/"},"modified":"2026-04-17T16:42:37","modified_gmt":"2026-04-17T16:42:37","slug":"chelsea-ja-moises-caicedo-solmisid-uue-lepingu-jalgpall","status":"publish","type":"post","link":"https:\/\/www.europesays.com\/ee\/156112\/","title":{"rendered":"Chelsea ja Moises Caicedo s\u00f5lmisid uue lepingu | Jalgpall"},"content":{"rendered":"<p>Chelsea keskv\u00e4lja tugitala Moises Caicedo pikendas klubiga lepingut veel kahe aasta v\u00f5rra ja j\u00e4tkab n\u00fc\u00fcd paberite j\u00e4rgi Londoni klubis 2033. aastani.<\/p>\n<p>24-aastane Ecuadori koondislane saabus Chelseasse 2023. aastal Brighton &amp; Hove Albionist, kuid l\u00f5i t\u00f5siselt s\u00e4rama seoses peatreener Enzo Maresca tulekuga 2024. aastal.<\/p>\n<p>2025. aastal krooniti ta meeskonnaga Euroopa Konverentsiliiga v\u00f5itjaks ja hiljem ka klubide MM-i meistriks. Eelmise hooaja eest valiti ta Chelsea parimaks m\u00e4ngijaks nii klubi kui ka kaasm\u00e4ngijate poolt.<\/p>\n<p>T\u00e4naseks on temast saanud \u00fcks meeskonna tuumikm\u00e4ngijaid, kes on sel hooajal pidanud k\u00f5igi sarjade peale kokku \u00fcle 40 kohtumise ja kandnud aeg-ajalt ka kaptenipaela.<\/p>\n<p>&#8220;Ma usun sellesse meeskonda, sellesse klubisse ja tean, et liigume \u00f5iges suunas. Oleme \u00fcheskoos alles alustanud,&#8221; lausus Caicedo. &#8220;Ma tahan Chelseaga rohkem karikaid v\u00f5ita ning anda selle klubi ja f\u00e4nnide heaks k\u00f5ik.&#8221;<\/p>\n","protected":false},"excerpt":{"rendered":"Chelsea keskv\u00e4lja tugitala Moises Caicedo pikendas klubiga lepingut veel kahe aasta v\u00f5rra ja j\u00e4tkab n\u00fc\u00fcd paberite j\u00e4rgi Londoni&hellip;\n","protected":false},"author":2,"featured_media":156113,"comment_status":"","ping_status":"","sticky":false,"template":"","format":"standard","meta":{"footnotes":"","_share_on_mastodon":"0"},"categories":[18],"tags":[1098,37,33,35,34,36,73570,159,158],"class_list":["post-156112","post","type-post","status-publish","format-standard","has-post-thumbnail","category-sport","tag-chelsea","tag-ee","tag-eesti","tag-eesti-keel","tag-estonia","tag-estonian","tag-moises-caicedo","tag-sport","tag-sports"],"share_on_mastodon":{"url":"https:\/\/pubeurope.com\/@ee\/116421050075752894","error":""},"_links":{"self":[{"href":"https:\/\/www.europesays.com\/ee\/wp-json\/wp\/v2\/posts\/156112","targetHints":{"allow":["GET"]}}],"collection":[{"href":"https:\/\/www.europesays.com\/ee\/wp-json\/wp\/v2\/posts"}],"about":[{"href":"https:\/\/www.europesays.com\/ee\/wp-json\/wp\/v2\/types\/post"}],"author":[{"embeddable":true,"href":"https:\/\/www.europesays.com\/ee\/wp-json\/wp\/v2\/users\/2"}],"replies":[{"embeddable":true,"href":"https:\/\/www.europesays.com\/ee\/wp-json\/wp\/v2\/comments?post=156112"}],"version-history":[{"count":0,"href":"https:\/\/www.europesays.com\/ee\/wp-json\/wp\/v2\/posts\/156112\/revisions"}],"wp:featuredmedia":[{"embeddable":true,"href":"https:\/\/www.europesays.com\/ee\/wp-json\/wp\/v2\/media\/156113"}],"wp:attachment":[{"href":"https:\/\/www.europesays.com\/ee\/wp-json\/wp\/v2\/media?parent=156112"}],"wp:term":[{"taxonomy":"category","embeddable":true,"href":"https:\/\/www.europesays.com\/ee\/wp-json\/wp\/v2\/categories?post=156112"},{"taxonomy":"post_tag","embeddable":true,"href":"https:\/\/www.europesays.com\/ee\/wp-json\/wp\/v2\/tags?post=156112"}],"curies":[{"name":"wp","href":"https:\/\/api.w.org\/{rel}","templated":true}]}}