{"id":156165,"date":"2026-04-17T18:03:24","date_gmt":"2026-04-17T18:03:24","guid":{"rendered":"https:\/\/www.europesays.com\/ee\/156165\/"},"modified":"2026-04-17T18:03:24","modified_gmt":"2026-04-17T18:03:24","slug":"ragnar-klavan-hukkunud-meeskonnakaaslasest-jagasime-hetki-mida-kannan-endaga-igavesti","status":"publish","type":"post","link":"https:\/\/www.europesays.com\/ee\/156165\/","title":{"rendered":"Ragnar Klavan hukkunud meeskonnakaaslasest: jagasime hetki, mida kannan endaga igavesti"},"content":{"rendered":"<p>Manninger suri, kui tema juhitud auto j\u00e4i Salzburgis raudtee\u00fcles\u00f5idul ette rongile. Teda \u00fcritati \u00f5nnetuspaigas elustada, kuid saadud vigastused osutusid surmavaks.<\/p>\n<p>Hooajal 1997\/98 Londoni Arsenaliga Inglismaa meistriks ja hooajal 2011\/12 Torino Juventusega Itaalia meistriks tulnud Manninger oli Klavani klubikaaslaseks Augsburgis aastatel 2012-2016 ning p\u00e4rast seda veel \u00fche hooaja Liverpoolis. Kindad pani Manninger l\u00f5plikult kappi 2017. aastal.<\/p>\n<p>Klavan tunnistas Instagramis Manningeri m\u00e4lestuseks tehtud postituses, et t\u00e4na on tema s\u00fcda raske.<\/p>\n<p>\u201eKaotasime liiga vara imelise inimese. Meeskonnakaaslase, s\u00f5bra, aga ennek\u00f5ike t\u00f5eliselt erilise inimese. Jagasime koos v\u00e4ljakut, kuid mis veelgi olulisem, jagasime hetki, mida kannan endaga igavesti. Ta oli \u00fcks lahkemaid ja professionaalsemaid inimesi, keda olen kunagi tundnud. Alati teiste jaoks olemas, alati andis endast parima &#8211; mitte ainult jalgpallialaselt, vaid ka elus. Ta oli keegi, keda v\u00f5isid usaldada, keda said austada ja talt iga p\u00e4ev \u00f5ppida,\u201c kirjutas Klavan.<\/p>\n<p>\u201eMaailm kaotas imelise isa, lojaalse s\u00f5bra ja inimese, kes tegi k\u00f5ik enda \u00fcmber paremaks.  Avaldan s\u00fcgavat kaastunnet tema perele ja l\u00e4hedastele. Puhka rahus, mu s\u00f5ber. Sind ei unustata kunagi,\u201c lisas ta.<\/p>\n<p><a href=\"http:\/\/sport.delfi.ee\/artikkel\/120569174\/ragnar-klavani-endine-tiimikaaslane-jai-autoga-rongi-alla-ja-suri#dalrel-in-article\" class=\"content-embedded-articles-single__embedded-article\" data-v-469265ed=\"\" rel=\"nofollow noopener\" target=\"_blank\"><\/p>\n<p> 16.04.2026 <\/p>\n<p> Ragnar Klavani pikaaegne tiimikaaslane hukkus rongi\u00f5nnetuses <\/p>\n<p><\/a>Kuidas see lugu Sind end tundma pani? Saada <a href=\"https:\/\/sport.delfi.ee\/artikkel\/120569206\/ragnar-klavan-hukkunud-meeskonnakaaslasest-jagasime-hetki-mida-kannan-endaga-kaasas-igavesti\/kommentaarid\" class=\"article-body-bottom__comment article-body-bottom__comment--write button button--primary button--size-auto\" rel=\"nofollow noopener\" target=\"_blank\"> Kommenteeri <\/a><a href=\"https:\/\/sport.delfi.ee\/artikkel\/120569206\/ragnar-klavan-hukkunud-meeskonnakaaslasest-jagasime-hetki-mida-kannan-endaga-kaasas-igavesti\/kommentaarid\" class=\"article-body-bottom__comment article-body-bottom__comment--read button button--size-auto\" rel=\"nofollow noopener\" target=\"_blank\"> Loe kommentaare (7)<\/a><\/p>\n","protected":false},"excerpt":{"rendered":"Manninger suri, kui tema juhitud auto j\u00e4i Salzburgis raudtee\u00fcles\u00f5idul ette rongile. Teda \u00fcritati \u00f5nnetuspaigas elustada, kuid saadud vigastused&hellip;\n","protected":false},"author":2,"featured_media":156166,"comment_status":"","ping_status":"","sticky":false,"template":"","format":"standard","meta":{"footnotes":"","_share_on_mastodon":"0"},"categories":[5],"tags":[523,26,27,37,33,35,34,36,31,32,21,28,29,807,19,25,1342,23,24,22,20,30],"class_list":["post-156165","post","type-post","status-publish","format-standard","has-post-thumbnail","category-uldised-uudised","tag-augsburg","tag-breaking-news","tag-breakingnews","tag-ee","tag-eesti","tag-eesti-keel","tag-estonia","tag-estonian","tag-featured-news","tag-featurednews","tag-headlines","tag-latest-news","tag-latestnews","tag-liverpool","tag-news","tag-populaarseimad-lood","tag-ragnar-klavan","tag-top-stories","tag-topstories","tag-uldised-uudised","tag-uudised","tag-viimased-uudised"],"share_on_mastodon":{"url":"https:\/\/pubeurope.com\/@ee\/116421368456667369","error":""},"_links":{"self":[{"href":"https:\/\/www.europesays.com\/ee\/wp-json\/wp\/v2\/posts\/156165","targetHints":{"allow":["GET"]}}],"collection":[{"href":"https:\/\/www.europesays.com\/ee\/wp-json\/wp\/v2\/posts"}],"about":[{"href":"https:\/\/www.europesays.com\/ee\/wp-json\/wp\/v2\/types\/post"}],"author":[{"embeddable":true,"href":"https:\/\/www.europesays.com\/ee\/wp-json\/wp\/v2\/users\/2"}],"replies":[{"embeddable":true,"href":"https:\/\/www.europesays.com\/ee\/wp-json\/wp\/v2\/comments?post=156165"}],"version-history":[{"count":0,"href":"https:\/\/www.europesays.com\/ee\/wp-json\/wp\/v2\/posts\/156165\/revisions"}],"wp:featuredmedia":[{"embeddable":true,"href":"https:\/\/www.europesays.com\/ee\/wp-json\/wp\/v2\/media\/156166"}],"wp:attachment":[{"href":"https:\/\/www.europesays.com\/ee\/wp-json\/wp\/v2\/media?parent=156165"}],"wp:term":[{"taxonomy":"category","embeddable":true,"href":"https:\/\/www.europesays.com\/ee\/wp-json\/wp\/v2\/categories?post=156165"},{"taxonomy":"post_tag","embeddable":true,"href":"https:\/\/www.europesays.com\/ee\/wp-json\/wp\/v2\/tags?post=156165"}],"curies":[{"name":"wp","href":"https:\/\/api.w.org\/{rel}","templated":true}]}}