{"id":156262,"date":"2026-04-17T21:10:10","date_gmt":"2026-04-17T21:10:10","guid":{"rendered":"https:\/\/www.europesays.com\/ee\/156262\/"},"modified":"2026-04-17T21:10:10","modified_gmt":"2026-04-17T21:10:10","slug":"vahetusmangijalt-kova-abi-saanud-rae-loodab-peagi-puhkama-saada-vorkpall","status":"publish","type":"post","link":"https:\/\/www.europesays.com\/ee\/156262\/","title":{"rendered":"Vahetusm\u00e4ngijalt k\u00f5va abi saanud Rae loodab peagi puhkama saada | V\u00f5rkpall"},"content":{"rendered":"<p>Laup\u00e4eval v\u00f5ib l\u00e4bi saada naiste v\u00f5rkpalli Eesti meistriv\u00f5istluste finaalseeria, kui Rae naiskond v\u00f5idab kodusaalis kolmandat korda Tartut.<\/p>\n<p>Rae v\u00f5itis finaalseeria teise m\u00e4ngu Tartu koduplatsil 3:1 eelk\u00f5ige t\u00e4nu v\u00f5imsale servile. Vastasele l\u00f6\u00f6di 15 servi\u00e4ssa, millest kuus t\u00f5i sidem\u00e4ngija Julija M\u00f5nnakm\u00e4e, kes valiti ka kohtumise parimaks.<\/p>\n<p>Raskel hetkel tehti kolmandas geimis ka julge vahetus, kui kogenud Nette Peidi asemel toodi nurgar\u00fcndajaks sisse 23-aastane Anna Gont\u0161arova, kes kogus viis punkti. Tema panust kiitsid nii tiimi kapten Liis Kiviloo kui ka peatreener Raigo Tatrik.<\/p>\n<p>&#8220;Mulle meeldis, kuidas meie poolel Anna sekkus,&#8221; lausus Kiviloo ERR-ile. &#8220;\u00dclitublisti tuli ja tegi v\u00e4ga head servid ning pani vastase surve alla. Ta j\u00e4i meil ka m\u00e4ngu l\u00f5puni sisse ja tegi v\u00e4ga palju pahandust vastasele. Ma arvan, et see \u00fcllatas vastast ka.&#8221;<\/p>\n<p>Ka Tatrik \u00fctles, et Gont\u0161arov oli v\u00e4ga tubli. &#8220;V\u00e4ga h\u00e4sti tuli sisse, julgelt m\u00e4ngis,&#8221; tunnustas ta. &#8220;V\u00f5eti ta kohe sihikule ja hakati teda pommitama ja sai v\u00e4ga h\u00e4sti hakkama servi vastuv\u00f5tul ja r\u00fcnnakul samamoodi. Ta lahendas raskeid palle ja igati positiivne sissetulek Nette asemel. See toitis meid viimases geimis.&#8221;<\/p>\n<p>Finaalseeria avam\u00e4ngu 0:3 kaotanud Tartu \u00dclikool\/Bigbank r\u00fcndajad olid kodusaalis palju agressiivsemad, \u00fcks geim ka v\u00f5ideti, kuid vajaka j\u00e4\u00e4b stabiilsusest otsustavatel hetkedel. &#8220;Jube tahmine on, aga siis silmade ees tulevad mingid klapid,&#8221; selgitas peatreener Andrei Ojamets. &#8220;Siis kaob ka heas m\u00f5ttes kaine m\u00f5istus, et kuidas olukorda lahendada. Vaatame laup\u00e4eval edasi, et \u00e4kki meil natukene seda julgust tuleb veel juurde.&#8221;<\/p>\n<p>Rae Spordikool\/Viastoni peatreener Raigo Tatrik loodab, et kodusaalis v\u00f5etakse kolmas v\u00f5it, mis toob ka ihaldatud Eesti meistritiitli. &#8220;Me ei l\u00e4he seda kindlasti kergelt v\u00f5tma, tahame l\u00f5petada kodusaalis \u00e4ra selle seeria ja puhkama saada,&#8221; s\u00f5nas ta. &#8220;Hooaeg on v\u00e4sitav olnud, aga \u00fcks v\u00e4ga raske m\u00e4ng on veel kindlasti ees.&#8221;<\/p>\n<p>Finaalseeria kolmas m\u00e4ng algab laup\u00e4eval kell 17 J\u00fcri spordihoones.<\/p>\n","protected":false},"excerpt":{"rendered":"Laup\u00e4eval v\u00f5ib l\u00e4bi saada naiste v\u00f5rkpalli Eesti meistriv\u00f5istluste finaalseeria, kui Rae naiskond v\u00f5idab kodusaalis kolmandat korda Tartut. Rae&hellip;\n","protected":false},"author":2,"featured_media":156263,"comment_status":"","ping_status":"","sticky":false,"template":"","format":"standard","meta":{"footnotes":"","_share_on_mastodon":"0"},"categories":[5],"tags":[32066,26,27,37,33,35,34,36,31,32,21,28,29,11075,19,25,1227,15370,23,24,22,20,30],"class_list":["post-156262","post","type-post","status-publish","format-standard","has-post-thumbnail","category-uldised-uudised","tag-anna-gontsarova","tag-breaking-news","tag-breakingnews","tag-ee","tag-eesti","tag-eesti-keel","tag-estonia","tag-estonian","tag-featured-news","tag-featurednews","tag-headlines","tag-latest-news","tag-latestnews","tag-liis-kiviloo","tag-news","tag-populaarseimad-lood","tag-rae-spordikool-viaston","tag-raigo-tatrik","tag-top-stories","tag-topstories","tag-uldised-uudised","tag-uudised","tag-viimased-uudised"],"share_on_mastodon":{"url":"https:\/\/pubeurope.com\/@ee\/116422103760484784","error":""},"_links":{"self":[{"href":"https:\/\/www.europesays.com\/ee\/wp-json\/wp\/v2\/posts\/156262","targetHints":{"allow":["GET"]}}],"collection":[{"href":"https:\/\/www.europesays.com\/ee\/wp-json\/wp\/v2\/posts"}],"about":[{"href":"https:\/\/www.europesays.com\/ee\/wp-json\/wp\/v2\/types\/post"}],"author":[{"embeddable":true,"href":"https:\/\/www.europesays.com\/ee\/wp-json\/wp\/v2\/users\/2"}],"replies":[{"embeddable":true,"href":"https:\/\/www.europesays.com\/ee\/wp-json\/wp\/v2\/comments?post=156262"}],"version-history":[{"count":0,"href":"https:\/\/www.europesays.com\/ee\/wp-json\/wp\/v2\/posts\/156262\/revisions"}],"wp:featuredmedia":[{"embeddable":true,"href":"https:\/\/www.europesays.com\/ee\/wp-json\/wp\/v2\/media\/156263"}],"wp:attachment":[{"href":"https:\/\/www.europesays.com\/ee\/wp-json\/wp\/v2\/media?parent=156262"}],"wp:term":[{"taxonomy":"category","embeddable":true,"href":"https:\/\/www.europesays.com\/ee\/wp-json\/wp\/v2\/categories?post=156262"},{"taxonomy":"post_tag","embeddable":true,"href":"https:\/\/www.europesays.com\/ee\/wp-json\/wp\/v2\/tags?post=156262"}],"curies":[{"name":"wp","href":"https:\/\/api.w.org\/{rel}","templated":true}]}}