{"id":156303,"date":"2026-04-17T23:51:12","date_gmt":"2026-04-17T23:51:12","guid":{"rendered":"https:\/\/www.europesays.com\/ee\/156303\/"},"modified":"2026-04-17T23:51:12","modified_gmt":"2026-04-17T23:51:12","slug":"uurimise-all-olev-tsehhi-tennisetaht-tunnistas-vaimse-tervise-probleeme-tennis","status":"publish","type":"post","link":"https:\/\/www.europesays.com\/ee\/156303\/","title":{"rendered":"Uurimise all olev T\u0161ehhi tenniset\u00e4ht tunnistas vaimse tervise probleeme | Tennis"},"content":{"rendered":"<p>Wimbledoni tenniseturniiri v\u00f5itnud t\u0161ehhitar Marketa Vondrou\u0161ova tunnistas reedel vaimse terve probleeme ja r\u00e4\u00e4kis ka detsembris juhtunud intsidendist dopinguametnikuga, mis v\u00f5ib tuua talle v\u00f5istluskeelu.<\/p>\n<p>26-aastane Vondrou\u0161ova m\u00e4ngis jaanuari alguses, aga j\u00e4ttis Austraalia lahtised vigastuse t\u00f5ttu vahele. Viimased kuud on olnud t\u0161ehhitar turniiridelt eemal, aga esindas aprillis Billie Jean Kingi karikasarjas kodumaa koondist ja kuulub ka Madridi turniiri eelandmisnimekirja.<\/p>\n<p>Mullu detsembris kirjeldas Vondrou\u0161ova aga intsidenti dopinguametnikuga, mida ta nimetas &#8220;t\u00f5siseks privaatsuse rikkumiseks&#8221;. Tema s\u00f5nul saabus ametnik \u00f5htul kell 20.15 ehk p\u00e4rast ametlikku testimisakent ja n\u00f5udist kohest dopinguproovi andmist.<\/p>\n<p>N\u00fc\u00fcd s\u00f5nas Vondrou\u0161ova, et intsident leidis aset seet\u00f5ttu, et ta oli p\u00e4rast kuudepikkust f\u00fc\u00fcsilist ja vaimset stressi j\u00f5udnud murdepunkti. &#8220;Mul on sellest v\u00e4ga raske r\u00e4\u00e4kida, aga ma tahan teiega oma vaimse tervise osas aus olla,&#8221; kirjutas m\u00e4ngija Instagramis.<\/p>\n<p>&#8220;Olen pikka aega v\u00f5idelnud vigastuste, pideva surve ja j\u00e4tkuvate uneprobleemidega, mis on mind kurnanud ja muutnud mu hapraks. See kiskus mind aeglaselt rohkem alla, kui ma ilmselt ise tol ajal m\u00f5istsin.&#8221;<\/p>\n<p>&#8220;Aastatepikkune vihak\u00f5ne ja \u00e4hvardused on m\u00f5jutanud seda, kui turvaliselt end omaenda ruumis tunnen,&#8221; j\u00e4tkas t\u0161ehhitar. &#8220;Kui keegi helistas hilis\u00f5htul mu uksekella, ei tutvustanud ennast korralikult ega j\u00e4rginud protokolli &#8211; reageerisin kui inimene, kes oli hirmul. Sel hetkel oli oluline tunda end turvaliselt, mitte millestki hoiduda.&#8221;<\/p>\n<p>Vondrou\u0161ova s\u00f5nas, et tal on diagnoositud \u00e4ge stressreaktsioon ja \u00fcldistunud \u00e4revush\u00e4ire. &#8220;Sel hetkel varjutas hirm mu otsustusv\u00f5imet ja ma lihtsalt ei suutnud olukorda ratsionaalselt hinnata,&#8221; j\u00e4tkas ta ja viitas olukorrale, kuhu aastate eest sattus kaasmaalane ja samuti Wimbledoni meister Petra Kvitova.<\/p>\n<p>Viimasele tungis tema enda kodus kallale noaga murdvaras ja vigastas tennisisti k\u00e4tt. &#8220;P\u00e4rast Petraga juhtunut ei v\u00f5ta ma v\u00f5\u00f5raid ukse taga kergelt,&#8221; lisas Vondrou\u0161ova. &#8220;P\u00fc\u00fcan tasapisi tagasiteed leida &#8211; nii v\u00e4ljakul kui ka v\u00e4ljaspool seda. T\u00f6\u00f6tan endiselt selle nimel, et oma nime puhtaks pesta, aga samal ajal pean ka enda eest hoolt kandma.&#8221;<\/p>\n<p>Vondrou\u0161ova keeldus detsembris proovi andmast ja see v\u00f5ib kaasa tuua v\u00f5istluskeelu. Tennises puhtuse eest vastutav organisatsioon ITIA pole t\u0161ehhitari juhtumi osas otsust langetanud.<\/p>\n<p>2019. aastal ka Prantsusmaa lahtiste finaali p\u00e4\u00e4senud ja 2021. aastal Tokyo ol\u00fcmpiafinaalis m\u00e4nginud Vondrou\u0161ova krooniti Wimbledoni meistriks 2023. aastal, kui alistas finaalis Tuneesia esindaja Ons Jabeuri.<\/p>\n","protected":false},"excerpt":{"rendered":"Wimbledoni tenniseturniiri v\u00f5itnud t\u0161ehhitar Marketa Vondrou\u0161ova tunnistas reedel vaimse terve probleeme ja r\u00e4\u00e4kis ka detsembris juhtunud intsidendist dopinguametnikuga,&hellip;\n","protected":false},"author":2,"featured_media":156304,"comment_status":"","ping_status":"","sticky":false,"template":"","format":"standard","meta":{"footnotes":"","_share_on_mastodon":"0"},"categories":[18],"tags":[6009,37,33,35,34,36,59719,73655,159,73656,158],"class_list":["post-156303","post","type-post","status-publish","format-standard","has-post-thumbnail","category-sport","tag-doping","tag-ee","tag-eesti","tag-eesti-keel","tag-estonia","tag-estonian","tag-itia","tag-marketa-vondrousova","tag-sport","tag-sport-ja-vaimne-tervis","tag-sports"],"share_on_mastodon":{"url":"https:\/\/pubeurope.com\/@ee\/116422736851978212","error":""},"_links":{"self":[{"href":"https:\/\/www.europesays.com\/ee\/wp-json\/wp\/v2\/posts\/156303","targetHints":{"allow":["GET"]}}],"collection":[{"href":"https:\/\/www.europesays.com\/ee\/wp-json\/wp\/v2\/posts"}],"about":[{"href":"https:\/\/www.europesays.com\/ee\/wp-json\/wp\/v2\/types\/post"}],"author":[{"embeddable":true,"href":"https:\/\/www.europesays.com\/ee\/wp-json\/wp\/v2\/users\/2"}],"replies":[{"embeddable":true,"href":"https:\/\/www.europesays.com\/ee\/wp-json\/wp\/v2\/comments?post=156303"}],"version-history":[{"count":0,"href":"https:\/\/www.europesays.com\/ee\/wp-json\/wp\/v2\/posts\/156303\/revisions"}],"wp:featuredmedia":[{"embeddable":true,"href":"https:\/\/www.europesays.com\/ee\/wp-json\/wp\/v2\/media\/156304"}],"wp:attachment":[{"href":"https:\/\/www.europesays.com\/ee\/wp-json\/wp\/v2\/media?parent=156303"}],"wp:term":[{"taxonomy":"category","embeddable":true,"href":"https:\/\/www.europesays.com\/ee\/wp-json\/wp\/v2\/categories?post=156303"},{"taxonomy":"post_tag","embeddable":true,"href":"https:\/\/www.europesays.com\/ee\/wp-json\/wp\/v2\/tags?post=156303"}],"curies":[{"name":"wp","href":"https:\/\/api.w.org\/{rel}","templated":true}]}}