{"id":156610,"date":"2026-04-18T10:53:11","date_gmt":"2026-04-18T10:53:11","guid":{"rendered":"https:\/\/www.europesays.com\/ee\/156610\/"},"modified":"2026-04-18T10:53:11","modified_gmt":"2026-04-18T10:53:11","slug":"taani-uuring-kummutas-trumpi-vaite-paratsetamooli-votmine-raseduse-ajal-ei-pohjusta-lastel-autismi","status":"publish","type":"post","link":"https:\/\/www.europesays.com\/ee\/156610\/","title":{"rendered":"Taani uuring kummutas Trumpi v\u00e4ite: paratsetamooli v\u00f5tmine raseduse ajal ei p\u00f5hjusta lastel autismi"},"content":{"rendered":"<p>Esmasp\u00e4eval avaldati <a rel=\"noopener follow nofollow\" target=\"_blank\" href=\"https:\/\/jamanetwork.com\/journals\/jamapediatrics\/fullarticle\/2847695\" data-rel-date-range=\"[]\">v\u00e4ljaandes JAMA Pediatrics<\/a> Taani \u00fcleriigiline uuring, milles ei leitud seost rasedate naiste paratsetamooli kasutamise ja autismi vahel nende lastel. Teadlased vaatasid andmeid 1997-2022. aastal s\u00fcndinud 1,5 miljonilt lapselt, kellest 31 098 oli kokkupuude paratsetamooliga ema raseduse ajal. Autism diagnoositi hiljem 1,8% ravimiga kokku puutunud lapsel ja 3% neist, kes ravimiga kokku ei puutunud. <\/p>\n<p>Raporti kohaselt p\u00fcsis seose puudumine ka p\u00e4rast seda, kui teadlased v\u00f5tsid arvesse individuaalseid riskitegureid, sealhulgas ravimi annust ja raseduse trimestrit, mil seda kasutati.<\/p>\n<p>Ka 2024. aastal l\u00e4bi viidud <a rel=\"noopener follow nofollow\" target=\"_blank\" href=\"https:\/\/jamanetwork.com\/journals\/jama\/fullarticle\/2817406https:\/\/jamanetwork.com\/journals\/jama\/fullarticle\/2817406\" data-rel-date-range=\"[]\">Rootsi uuringus<\/a> ei leitud seost autismi ja raseduse ajal paratsetamooli kasutamise vahel.<\/p>\n<p>Ameerika teadlaste 2025. aasta <a rel=\"noopener follow nofollow\" target=\"_blank\" href=\"https:\/\/link.springer.com\/article\/10.1186\/s12940-025-01208-0\" data-rel-date-range=\"[]\">\u00fclevaade<\/a> 46 varasemast uuringust viitas k\u00fcll v\u00f5imalikule seosele s\u00fcnnieelse paratsetamooli kokkupuute ja neuroloogiliste arenguh\u00e4irete, nagu autismi ja t\u00e4helepanupuudulikkuse h\u00fcperaktiivsuse h\u00e4ire, vahel lastel, kuid teadlased m\u00e4rkisid, et uuring ei t\u00f5esta, et ravim neid haigusi p\u00f5hjustas. Nad soovitasid rasedatel naistel j\u00e4tkata ravimi kasutamist vastavalt vajadusele, v\u00f5imalikult madalas annuses ja v\u00f5imalikult l\u00fchikese aja jooksul.<\/p>\n<p>Septembris teatas Ameerika \u00dchendriikide Toidu- ja Ravimiamet (FDA), et algatab paratsetamooli m\u00e4rgistuse muutmise protsessi, et hoiatada, et selle kasutamine rasedatel naistel v\u00f5ib olla seotud autismi ja ATH suurenenud riskiga.<\/p>\n<p>FDA teadaande ajal \u00fctles Ameerika \u00dchendriikide president <a rel=\"noopener nofollow\" target=\"_blank\" href=\"https:\/\/www.delfi.ee\/teema\/32758637\/donald-trump\" tag-id=\"32758637\">Donald Trump<\/a>, et rasedad naised ja imikud ei peaks seda ravimit v\u00f5tma, kuna seda on seostatud autismiga.<\/p>\n<p>Sellest ajast alates on riiklikud ja rahvusvahelised meditsiiniorganisatsioonid presidendi kommentaare hukka m\u00f5istnud, \u00f6eldes, et need ei p\u00f5hine t\u00f5enditel.<\/p>\n<p><a href=\"https:\/\/www.delfi.ee\/artikkel\/120405471\/trump-propageeris-tuntud-valuvaigisti-vaktsiinide-ja-autismi-vahelist-toendamata-seost#dalrel-in-article\" class=\"content-embedded-articles-double__embedded-article\" data-v-bd1bb421=\"\" rel=\"nofollow noopener\" target=\"_blank\"><\/p>\n<p> 23.09.2025 <\/p>\n<p> Trump propageeris tuntud valuvaigisti, vaktsiinide ja autismi vahelist t\u00f5endamata seost  (69) <\/p>\n<p><\/a><a href=\"https:\/\/www.delfi.ee\/artikkel\/120406437\/faktikontoll-kas-paratsetamol-pohjustab-toesti-autismi-selgitame-valja#dalrel-in-article\" class=\"content-embedded-articles-double__embedded-article\" data-v-bd1bb421=\"\" rel=\"nofollow noopener\" target=\"_blank\"><\/p>\n<p> 26.09.2025 <\/p>\n<p> FAKTIKONTOLL | Kas paratsetamol p\u00f5hjustab t\u00f5esti autismi? Selgitame v\u00e4lja  (76) <\/p>\n<p><\/a><\/p>\n<p>Kuu aega p\u00e4rast seda, kui FDA teatas, et soovitab piirata paratsetamooli kasutamist raseduse ajal, \u00fctles Ameerika \u00dchendriikide tervishoiuminister Robert F. Kennedy Jr., et t\u00f5endid ei n\u00e4ita, et ravim kindlasti autismi p\u00f5hjustaks, kuid seda tuleks siiski kasutada ettevaatlikult.<\/p>\n<p>Kuidas see lugu Sind end tundma pani? Saada <a href=\"https:\/\/forte.delfi.ee\/artikkel\/120569449\/taani-uuring-kummutas-trumpi-vaite-paratsetamooli-votmine-raseduse-ajal-ei-pohjusta-lastel-autismi\/kommentaarid\" class=\"article-body-bottom__comment article-body-bottom__comment--write button button--primary button--size-auto\" rel=\"nofollow noopener\" target=\"_blank\"> Kommenteeri <\/a><a href=\"https:\/\/forte.delfi.ee\/artikkel\/120569449\/taani-uuring-kummutas-trumpi-vaite-paratsetamooli-votmine-raseduse-ajal-ei-pohjusta-lastel-autismi\/kommentaarid\" class=\"article-body-bottom__comment article-body-bottom__comment--read button button--size-auto\" rel=\"nofollow noopener\" target=\"_blank\"> Loe kommentaare (12)<\/a><\/p>\n","protected":false},"excerpt":{"rendered":"Esmasp\u00e4eval avaldati v\u00e4ljaandes JAMA Pediatrics Taani \u00fcleriigiline uuring, milles ei leitud seost rasedate naiste paratsetamooli kasutamise ja autismi&hellip;\n","protected":false},"author":2,"featured_media":156611,"comment_status":"","ping_status":"","sticky":false,"template":"","format":"standard","meta":{"footnotes":"","_share_on_mastodon":"0"},"categories":[80],"tags":[2540,26,27,324,37,33,35,34,36,31,32,21,28,29,95,19,2541,25,10744,73758,23,24,22,20,30,92,93,94],"class_list":["post-156610","post","type-post","status-publish","format-standard","has-post-thumbnail","category-maailm","tag-autism","tag-breaking-news","tag-breakingnews","tag-donald-trump","tag-ee","tag-eesti","tag-eesti-keel","tag-estonia","tag-estonian","tag-featured-news","tag-featurednews","tag-headlines","tag-latest-news","tag-latestnews","tag-maailm","tag-news","tag-paratsetamool","tag-populaarseimad-lood","tag-rasedus","tag-ravimiohutus","tag-top-stories","tag-topstories","tag-uldised-uudised","tag-uudised","tag-viimased-uudised","tag-world","tag-world-news","tag-worldnews"],"share_on_mastodon":{"url":"https:\/\/pubeurope.com\/@ee\/116425340095959825","error":""},"_links":{"self":[{"href":"https:\/\/www.europesays.com\/ee\/wp-json\/wp\/v2\/posts\/156610","targetHints":{"allow":["GET"]}}],"collection":[{"href":"https:\/\/www.europesays.com\/ee\/wp-json\/wp\/v2\/posts"}],"about":[{"href":"https:\/\/www.europesays.com\/ee\/wp-json\/wp\/v2\/types\/post"}],"author":[{"embeddable":true,"href":"https:\/\/www.europesays.com\/ee\/wp-json\/wp\/v2\/users\/2"}],"replies":[{"embeddable":true,"href":"https:\/\/www.europesays.com\/ee\/wp-json\/wp\/v2\/comments?post=156610"}],"version-history":[{"count":0,"href":"https:\/\/www.europesays.com\/ee\/wp-json\/wp\/v2\/posts\/156610\/revisions"}],"wp:featuredmedia":[{"embeddable":true,"href":"https:\/\/www.europesays.com\/ee\/wp-json\/wp\/v2\/media\/156611"}],"wp:attachment":[{"href":"https:\/\/www.europesays.com\/ee\/wp-json\/wp\/v2\/media?parent=156610"}],"wp:term":[{"taxonomy":"category","embeddable":true,"href":"https:\/\/www.europesays.com\/ee\/wp-json\/wp\/v2\/categories?post=156610"},{"taxonomy":"post_tag","embeddable":true,"href":"https:\/\/www.europesays.com\/ee\/wp-json\/wp\/v2\/tags?post=156610"}],"curies":[{"name":"wp","href":"https:\/\/api.w.org\/{rel}","templated":true}]}}