{"id":156684,"date":"2026-04-18T13:03:10","date_gmt":"2026-04-18T13:03:10","guid":{"rendered":"https:\/\/www.europesays.com\/ee\/156684\/"},"modified":"2026-04-18T13:03:10","modified_gmt":"2026-04-18T13:03:10","slug":"karol-mets-kusitavast-kohtuniku-otsusest-mis-roovis-talt-voiduvarava-vastane-ei-uritanud-palli-mangida-vaid-mulle-jalga-ette-panna","status":"publish","type":"post","link":"https:\/\/www.europesays.com\/ee\/156684\/","title":{"rendered":"Karol Mets k\u00fcsitavast kohtuniku otsusest, mis r\u00f6\u00f6vis talt v\u00f5iduv\u00e4rava: vastane ei \u00fcritanud palli m\u00e4ngida, vaid mulle jalga ette panna"},"content":{"rendered":"<p>Mets tegi skoori 69. minutil nurgal\u00f6\u00f6gi j\u00e4rgses olukorras, suunates palli m\u00f5nelt meetrilt p\u00f5rkega v\u00f5rku. 83. minutil oli taas Mets aktsioonis, kuid sedapuhku juba teiselpool v\u00e4ljakut, kui ta tegi trahvikastis Jakub Kaminskile vea. Kuigi peakohtunikul Matthias J\u00f6llenbeckil j\u00e4i see esmalt fikseerimata, kutsus VAR ta ekraani taha, misj\u00e4rel m\u00e4\u00e4rati K\u00f6lnile penalti, mille realiseeris Luca Waldschmidt. <\/p>\n<p class=\"Paragraph SCXW119958693 BCX0\">Mets t\u00f5des m\u00e4nguj\u00e4rgsel p\u00e4eval Delfiga telefonitsi vesteldes, et penaltiolukorras tehtud kohtuniku otsus tekitas nii temas kui St. Pauli juhtkonnas k\u00fcsimusi. <\/p>\n<p>Oled juba tellija?Logi sisse<\/p>\n<p><a href=\"https:\/\/sport.delfi.ee\/artikkel\/120569514\/kas-karol-metsalt-rooviti-bundesligas-voiduvarav-kontakt-algas-vastasest-ta-ei-soovinud-palli-mangida\/kommentaarid\" class=\"article-body-bottom__comment article-body-bottom__comment--write button button--primary button--size-auto\" rel=\"nofollow noopener\" target=\"_blank\"> Kommenteeri <\/a><a href=\"https:\/\/sport.delfi.ee\/artikkel\/120569514\/kas-karol-metsalt-rooviti-bundesligas-voiduvarav-kontakt-algas-vastasest-ta-ei-soovinud-palli-mangida\/kommentaarid\" class=\"article-body-bottom__comment article-body-bottom__comment--read button button--size-auto\" rel=\"nofollow noopener\" target=\"_blank\"> Loe kommentaare (1)<\/a><\/p>\n","protected":false},"excerpt":{"rendered":"Mets tegi skoori 69. minutil nurgal\u00f6\u00f6gi j\u00e4rgses olukorras, suunates palli m\u00f5nelt meetrilt p\u00f5rkega v\u00f5rku. 83. minutil oli taas&hellip;\n","protected":false},"author":2,"featured_media":156685,"comment_status":"","ping_status":"","sticky":false,"template":"","format":"standard","meta":{"footnotes":"","_share_on_mastodon":"0"},"categories":[18],"tags":[527,37,33,35,34,36,1158,5040,159,158],"class_list":["post-156684","post","type-post","status-publish","format-standard","has-post-thumbnail","category-sport","tag-bundesliga","tag-ee","tag-eesti","tag-eesti-keel","tag-estonia","tag-estonian","tag-fc-koln","tag-karol-mets","tag-sport","tag-sports"],"share_on_mastodon":{"url":"https:\/\/pubeurope.com\/@ee\/116425851224884199","error":""},"_links":{"self":[{"href":"https:\/\/www.europesays.com\/ee\/wp-json\/wp\/v2\/posts\/156684","targetHints":{"allow":["GET"]}}],"collection":[{"href":"https:\/\/www.europesays.com\/ee\/wp-json\/wp\/v2\/posts"}],"about":[{"href":"https:\/\/www.europesays.com\/ee\/wp-json\/wp\/v2\/types\/post"}],"author":[{"embeddable":true,"href":"https:\/\/www.europesays.com\/ee\/wp-json\/wp\/v2\/users\/2"}],"replies":[{"embeddable":true,"href":"https:\/\/www.europesays.com\/ee\/wp-json\/wp\/v2\/comments?post=156684"}],"version-history":[{"count":0,"href":"https:\/\/www.europesays.com\/ee\/wp-json\/wp\/v2\/posts\/156684\/revisions"}],"wp:featuredmedia":[{"embeddable":true,"href":"https:\/\/www.europesays.com\/ee\/wp-json\/wp\/v2\/media\/156685"}],"wp:attachment":[{"href":"https:\/\/www.europesays.com\/ee\/wp-json\/wp\/v2\/media?parent=156684"}],"wp:term":[{"taxonomy":"category","embeddable":true,"href":"https:\/\/www.europesays.com\/ee\/wp-json\/wp\/v2\/categories?post=156684"},{"taxonomy":"post_tag","embeddable":true,"href":"https:\/\/www.europesays.com\/ee\/wp-json\/wp\/v2\/tags?post=156684"}],"curies":[{"name":"wp","href":"https:\/\/api.w.org\/{rel}","templated":true}]}}