{"id":156700,"date":"2026-04-18T13:28:09","date_gmt":"2026-04-18T13:28:09","guid":{"rendered":"https:\/\/www.europesays.com\/ee\/156700\/"},"modified":"2026-04-18T13:28:09","modified_gmt":"2026-04-18T13:28:09","slug":"lufthansa-pani-streikide-ja-kutusekulude-kasvu-tottu-68-aastat-tegutsenud-tutarfirma-kinni","status":"publish","type":"post","link":"https:\/\/www.europesays.com\/ee\/156700\/","title":{"rendered":"Lufthansa pani streikide ja k\u00fctusekulude kasvu t\u00f5ttu 68 aastat tegutsenud t\u00fctarfirma kinni"},"content":{"rendered":"<p>Otsus on osa strateegilisest plaanist, mille elluviimist kontsern on k\u00fctusehindade j\u00e4rsu t\u00f5usu ja ulatuslike <a rel=\"noopener nofollow\" target=\"_blank\" href=\"https:\/\/www.delfi.ee\/teema\/26936555\/streik\" tag-id=\"26936555\">streikide<\/a> t\u00f5ttu kiirendanud.<\/p>\n<p>Olukorra peamiseks ajendiks on <a rel=\"noopener nofollow\" target=\"_blank\" href=\"https:\/\/www.delfi.ee\/teema\/96843804\/kutusekriis\" tag-id=\"96843804\">k\u00fctusekriis<\/a>, kui <a rel=\"noopener nofollow\" target=\"_blank\" href=\"https:\/\/www.delfi.ee\/teema\/96895490\/lennukikutus\" tag-id=\"96895490\">lennukik\u00fctuse<\/a> hind on p\u00e4rast L\u00e4his-Ida s\u00f5ja puhkemist enam kui kahekordistunud. Rahvusvaheline Energiaagentuur (IEA) on samuti viidanud t\u00f5sistele tarneprobleemidele. IEA juht Fatih Birol hoiatas, et Euroopal v\u00f5ib olla j\u00e4rel vaid umbes kuue n\u00e4dala jagu lennukik\u00fctust ning Iraani s\u00f5jast tingitud naftatarnete h\u00e4irete j\u00e4tkumisel on oodata massilisi lendude t\u00fchistamisi.<\/p>\n<p>Lisaks k\u00fctuseprobleemidele on Lufthansa kimpus lakkamatute t\u00f6\u00f6seisakutega. Sel n\u00e4dalal toimusid nii pilootide kui ka pardapersonali streigid, mis tipnesid viiep\u00e4evase v\u00e4ljamarsiga. <a rel=\"noopener nofollow\" target=\"_blank\" href=\"https:\/\/www.delfi.ee\/teema\/83282141\/frankfurdi-lennujaam\" tag-id=\"83282141\">Frankfurdi lennujaamas<\/a>, mis on lennufirma olulisim s\u00f5lmpunkt, t\u00fchistati seet\u00f5ttu ligi pool plaanitud lendudest. Lepituskatse pilootide ameti\u00fchinguga kukkus l\u00e4bi, kuna pooled ei suutnud l\u00e4bir\u00e4\u00e4kimiste tingimustes kokku leppida. Pidev konflikt ameti\u00fchingutega ja lennupargi sunnitud v\u00e4hendamine on heitnud varju ka lennufirma 100. aastap\u00e4eva t\u00e4histamisele.<\/p>\n<p><a href=\"http:\/\/reisijuht.delfi.ee\/artikkel\/120568678\/lufthansa-streik-jatab-ara-ka-koik-kolmapaevaks-plaanitud-tallinna-ja-frankfurdi-vahelised-lennud#dalrel-in-article\" class=\"content-embedded-articles-double__embedded-article\" data-v-bd1bb421=\"\" rel=\"nofollow noopener\" target=\"_blank\"><\/p>\n<p> 14.04.2026 <\/p>\n<p> Lufthansa streik j\u00e4tab \u00e4ra ka k\u00f5ik kolmap\u00e4evaks plaanitud Tallinna ja Frankfurdi vahelised lennud   (7) <\/p>\n<p><\/a><a href=\"http:\/\/reisijuht.delfi.ee\/artikkel\/120569356\/tosine-hoiatus-euroopal-jagub-kriisi-tottu-lennukikutust-veel-heal-juhul-kuueks-nadalaks#dalrel-in-article\" class=\"content-embedded-articles-double__embedded-article\" data-v-bd1bb421=\"\" rel=\"nofollow noopener\" target=\"_blank\"><\/p>\n<p> 17.04.2026 <\/p>\n<p> T\u00f5sine hoiatus. Euroopal jagub kriisi t\u00f5ttu lennukik\u00fctust veel heal juhul kuueks n\u00e4dalaks   (19) <\/p>\n<p><\/a><\/p>\n<p>CityLine\u2019i sulgemine puudutab ligi 2000 t\u00f6\u00f6tajat, kellele Lufthansa pakub v\u00f5imalust j\u00e4tkata t\u00f6\u00f6d kontserni teistes t\u00fctarettev\u00f5tetes. Kuigi esialgu pidi t\u00fctarfirma tegevuse l\u00f5petama 2028. aastal, sundisid majanduslikud surved lennufirmat protsessi kiirendama. Lennufirma alustas tegevust 1958. aastal. CityLine\u2019i 27 lennukit l\u00f5petavad lendamise kohe, et s\u00e4\u00e4sta kontserni s\u00fcvenevast miinusest.<\/p>\n<p>Kulude k\u00e4rpimine ei piirdu vaid t\u00fctarfirmaga, vaid puudutab p\u00e4rast suveperioodi ka Lufthansa \u00fclej\u00e4\u00e4nud v\u00f5rgustikku. S\u00fcgisel eemaldatakse liinidelt kuus kauglennukit ning 2026\/27. aasta talvises s\u00f5iduplaanis on kavas v\u00e4hendada veel viie lennuki v\u00f5rra ka p\u00f5hibr\u00e4ndi l\u00fchikesi ja keskmise pikkusega lende. Kontserni finantsjuhi Till Streicherti s\u00f5nul on eesm\u00e4rk muuta \u00e4ri konkurentsiv\u00f5imelisemaks, isegi kui see t\u00e4hendab mahu v\u00e4hendamist.<\/p>\n<p>Kuidas see lugu Sind end tundma pani? Saada <a href=\"https:\/\/reisijuht.delfi.ee\/artikkel\/120569517\/lufthansa-pani-streikide-ja-kutusekulude-kasvu-tottu-68-aastat-tegutsenud-tutarfirma-kinni\/kommentaarid\" class=\"article-body-bottom__comment article-body-bottom__comment--write button button--primary button--size-auto\" rel=\"nofollow noopener\" target=\"_blank\"> Kommenteeri <\/a><a href=\"https:\/\/reisijuht.delfi.ee\/artikkel\/120569517\/lufthansa-pani-streikide-ja-kutusekulude-kasvu-tottu-68-aastat-tegutsenud-tutarfirma-kinni\/kommentaarid\" class=\"article-body-bottom__comment article-body-bottom__comment--read button button--size-auto\" rel=\"nofollow noopener\" target=\"_blank\"> Loe kommentaare (1)<\/a><\/p>\n","protected":false},"excerpt":{"rendered":"Otsus on osa strateegilisest plaanist, mille elluviimist kontsern on k\u00fctusehindade j\u00e4rsu t\u00f5usu ja ulatuslike streikide t\u00f5ttu kiirendanud. Olukorra&hellip;\n","protected":false},"author":2,"featured_media":156701,"comment_status":"","ping_status":"","sticky":false,"template":"","format":"standard","meta":{"footnotes":"","_share_on_mastodon":"0"},"categories":[12],"tags":[26,27,37,33,35,34,36,31,32,71307,21,19150,28,29,56500,4683,19,25,1262,23,24,22,20,30],"class_list":["post-156700","post","type-post","status-publish","format-standard","has-post-thumbnail","category-eesti","tag-breaking-news","tag-breakingnews","tag-ee","tag-eesti","tag-eesti-keel","tag-estonia","tag-estonian","tag-featured-news","tag-featurednews","tag-frankfurdi-lennujaam","tag-headlines","tag-kutusekriis","tag-latest-news","tag-latestnews","tag-lennukikutus","tag-lufthansa","tag-news","tag-populaarseimad-lood","tag-streik","tag-top-stories","tag-topstories","tag-uldised-uudised","tag-uudised","tag-viimased-uudised"],"share_on_mastodon":{"url":"https:\/\/pubeurope.com\/@ee\/116425949324014097","error":""},"_links":{"self":[{"href":"https:\/\/www.europesays.com\/ee\/wp-json\/wp\/v2\/posts\/156700","targetHints":{"allow":["GET"]}}],"collection":[{"href":"https:\/\/www.europesays.com\/ee\/wp-json\/wp\/v2\/posts"}],"about":[{"href":"https:\/\/www.europesays.com\/ee\/wp-json\/wp\/v2\/types\/post"}],"author":[{"embeddable":true,"href":"https:\/\/www.europesays.com\/ee\/wp-json\/wp\/v2\/users\/2"}],"replies":[{"embeddable":true,"href":"https:\/\/www.europesays.com\/ee\/wp-json\/wp\/v2\/comments?post=156700"}],"version-history":[{"count":0,"href":"https:\/\/www.europesays.com\/ee\/wp-json\/wp\/v2\/posts\/156700\/revisions"}],"wp:featuredmedia":[{"embeddable":true,"href":"https:\/\/www.europesays.com\/ee\/wp-json\/wp\/v2\/media\/156701"}],"wp:attachment":[{"href":"https:\/\/www.europesays.com\/ee\/wp-json\/wp\/v2\/media?parent=156700"}],"wp:term":[{"taxonomy":"category","embeddable":true,"href":"https:\/\/www.europesays.com\/ee\/wp-json\/wp\/v2\/categories?post=156700"},{"taxonomy":"post_tag","embeddable":true,"href":"https:\/\/www.europesays.com\/ee\/wp-json\/wp\/v2\/tags?post=156700"}],"curies":[{"name":"wp","href":"https:\/\/api.w.org\/{rel}","templated":true}]}}