{"id":156715,"date":"2026-04-18T13:51:12","date_gmt":"2026-04-18T13:51:12","guid":{"rendered":"https:\/\/www.europesays.com\/ee\/156715\/"},"modified":"2026-04-18T13:51:12","modified_gmt":"2026-04-18T13:51:12","slug":"karol-metsast-sai-teine-tippliigas-varava-loonud-eesti-jalgpallur-poud-kestis-3028-paeva","status":"publish","type":"post","link":"https:\/\/www.europesays.com\/ee\/156715\/","title":{"rendered":"Karol Metsast sai teine tippliigas v\u00e4rava l\u00f6\u00f6nud Eesti jalgpallur. P\u00f5ud kestis 3028 p\u00e4eva"},"content":{"rendered":"<p>Mets l\u00f5i oma Bundesliga karj\u00e4\u00e4ri esimese v\u00e4rava m\u00e4ngus l\u00e4hirivaali <a rel=\"noopener nofollow\" target=\"_blank\" href=\"https:\/\/www.delfi.ee\/teema\/56504112\/fc-koln\" tag-id=\"56504112\">FC K\u00f6lniga<\/a>. Kohtumise 69. minutil teenis St. Pauli nurgal\u00f6\u00f6gi, mille Hauke Wahl tagant postist v\u00e4rava ette suunas. Seal seisis vabaks j\u00e4etud Mets, kes koksas palli maap\u00f5rkest umbes viielt meetrilt v\u00f5rku. M\u00e4ngu l\u00f5puks j\u00e4i St. Pauli v\u00f5iduta, kuna 83. minutil tegi Mets trahvikastis Jakub Kaminskile vea. VAR-i abil m\u00e4\u00e4rati K\u00f6lnile penalti, mille realiseeris Luca Waldschmidt. <\/p>\n<p class=\"Paragraph SCXW145375773 BCX0\">Mets t\u00f5des kohtumise j\u00e4rel St. Pauli veebilehe vahendusel, et t\u00e4it r\u00f5\u00f5mu ta l\u00f6\u00f6dud v\u00e4ravast tunda ei saa. \u201eMe ei lubanud K\u00f6lnil palju v\u00f5imalusi tekitada. Kaitsesime p\u00e4rast juhtima minekut h\u00e4sti ja K\u00f6lnil puudusid ideed viigiv\u00e4rava l\u00f6\u00f6miseks. Seet\u00f5ttu tunnen, et kaotasime kaks punkti,\u201c tunnistas Mets. <\/p>\n<p>Oled juba tellija?Logi sisse<\/p>\n<p><a href=\"https:\/\/sport.delfi.ee\/artikkel\/120569378\/karol-metsast-sai-teine-tippliigas-varava-loonud-eesti-jalgpallur-poud-kestis-3028-paeva\/kommentaarid\" class=\"article-body-bottom__comment article-body-bottom__comment--write button button--primary button--size-auto\" rel=\"nofollow noopener\" target=\"_blank\"> Kommenteeri <\/a><a href=\"https:\/\/sport.delfi.ee\/artikkel\/120569378\/karol-metsast-sai-teine-tippliigas-varava-loonud-eesti-jalgpallur-poud-kestis-3028-paeva\/kommentaarid\" class=\"article-body-bottom__comment article-body-bottom__comment--read button button--size-auto\" rel=\"nofollow noopener\" target=\"_blank\"> Loe kommentaare (4)<\/a><\/p>\n","protected":false},"excerpt":{"rendered":"Mets l\u00f5i oma Bundesliga karj\u00e4\u00e4ri esimese v\u00e4rava m\u00e4ngus l\u00e4hirivaali FC K\u00f6lniga. Kohtumise 69. minutil teenis St. Pauli nurgal\u00f6\u00f6gi,&hellip;\n","protected":false},"author":2,"featured_media":156716,"comment_status":"","ping_status":"","sticky":false,"template":"","format":"standard","meta":{"footnotes":"","_share_on_mastodon":"0"},"categories":[5],"tags":[26,27,527,37,33,5456,35,34,36,1158,31,32,21,5040,28,29,19,25,1342,23,24,22,20,30],"class_list":["post-156715","post","type-post","status-publish","format-standard","has-post-thumbnail","category-uldised-uudised","tag-breaking-news","tag-breakingnews","tag-bundesliga","tag-ee","tag-eesti","tag-eesti-jalgpallikoondis","tag-eesti-keel","tag-estonia","tag-estonian","tag-fc-koln","tag-featured-news","tag-featurednews","tag-headlines","tag-karol-mets","tag-latest-news","tag-latestnews","tag-news","tag-populaarseimad-lood","tag-ragnar-klavan","tag-top-stories","tag-topstories","tag-uldised-uudised","tag-uudised","tag-viimased-uudised"],"share_on_mastodon":{"url":"https:\/\/pubeurope.com\/@ee\/116426039911264832","error":""},"_links":{"self":[{"href":"https:\/\/www.europesays.com\/ee\/wp-json\/wp\/v2\/posts\/156715","targetHints":{"allow":["GET"]}}],"collection":[{"href":"https:\/\/www.europesays.com\/ee\/wp-json\/wp\/v2\/posts"}],"about":[{"href":"https:\/\/www.europesays.com\/ee\/wp-json\/wp\/v2\/types\/post"}],"author":[{"embeddable":true,"href":"https:\/\/www.europesays.com\/ee\/wp-json\/wp\/v2\/users\/2"}],"replies":[{"embeddable":true,"href":"https:\/\/www.europesays.com\/ee\/wp-json\/wp\/v2\/comments?post=156715"}],"version-history":[{"count":0,"href":"https:\/\/www.europesays.com\/ee\/wp-json\/wp\/v2\/posts\/156715\/revisions"}],"wp:featuredmedia":[{"embeddable":true,"href":"https:\/\/www.europesays.com\/ee\/wp-json\/wp\/v2\/media\/156716"}],"wp:attachment":[{"href":"https:\/\/www.europesays.com\/ee\/wp-json\/wp\/v2\/media?parent=156715"}],"wp:term":[{"taxonomy":"category","embeddable":true,"href":"https:\/\/www.europesays.com\/ee\/wp-json\/wp\/v2\/categories?post=156715"},{"taxonomy":"post_tag","embeddable":true,"href":"https:\/\/www.europesays.com\/ee\/wp-json\/wp\/v2\/tags?post=156715"}],"curies":[{"name":"wp","href":"https:\/\/api.w.org\/{rel}","templated":true}]}}