{"id":156754,"date":"2026-04-18T15:15:14","date_gmt":"2026-04-18T15:15:14","guid":{"rendered":"https:\/\/www.europesays.com\/ee\/156754\/"},"modified":"2026-04-18T15:15:14","modified_gmt":"2026-04-18T15:15:14","slug":"teern-soovib-parast-hooaja-loppu-itaalias-jatkata-soccernet-ee","status":"publish","type":"post","link":"https:\/\/www.europesays.com\/ee\/156754\/","title":{"rendered":"Teern soovib p\u00e4rast hooaja l\u00f5ppu Itaalias j\u00e4tkata &#8211; Soccernet.ee"},"content":{"rendered":"<p><img decoding=\"async\" src=\"https:\/\/www.europesays.com\/ee\/wp-content\/uploads\/2026\/03\/1772318388.jpg\" alt=\"Kristina Teern. Foto: Liisi Troska \/ jalgpall.ee\"\/>&#13;\n<\/p>\n<p>Eesti naiste koondise r\u00fcndaja Kristina Teern (21) soovib Itaalias Catanias m\u00e4ngimist j\u00e4tkata ka p\u00e4rast k\u00e4imasoleva hooaja l\u00f5ppu.<\/p>\n<p>Teern siirdus koos Mari Liis Lillem\u00e4e ja Liselle Paltsiga Cataniasse detsembris, kui l\u00f6\u00f6di k\u00e4ed esialgu pooleks aastaks. Ta on teinud Itaalia naiste Serie C-s juba kolm k\u00fcbaratrikki. Catania on kindlustanud oma liigatsooni v\u00f5idu ning p\u00e4\u00e4su \u00fcleminekum\u00e4ngudele, kus kaheksa v\u00f5istkonda v\u00f5itlevad kahe Serie B pileti nimel.&#13;\n<\/p>\n<p>&#8220;Eesm\u00e4rk on t\u00f5usta aste k\u00f5rgemale,&#8221; m\u00e4rkis Teern <a href=\"https:\/\/saaremaasport.ee\/kristina-teern-soovib-itaalias-jatkata\/\" target=\"_blank\" rel=\"nofollow noopener\">saaremaasport.ee<\/a>-le. &#8220;Kui see peaks \u00f5nnestuma, siis on p\u00e4ris suur t\u00f5en\u00e4osus, et j\u00e4tkan samas v\u00f5istkonnas ja ikka profina. Midagi kindlat muidugi pole, aga kindlasti tahaksin j\u00e4\u00e4da.&#8221;&#13;\n<\/p>\n<p>Teerni s\u00f5nul on ta saanud Itaalias paremaks, aga annab siiski veel juurde panna. &#8220;Tiimina oleme need olukorrad v\u00e4lja m\u00e4nginud ja mul on \u00f5nnestunud olukorrad realiseerida. Joosta saab trennis k\u00f5vasti ja loodan, et olen k\u00f5vasti juurde pannud just f\u00fc\u00fcsiliselt,&#8221; lausus ta.<\/p>\n<p>Samas Eesti koondises ei ole Teern suutnud end veel esir\u00fcndaja positsioonile m\u00e4ngida ja enamasti sekkub ta vahetusest. &#8220;Praegu ei ole see \u00f5nnestunud ja tundub, et milleski tuleb veel juurde panna,&#8221; ei tee noor r\u00fcndetuus sellest numbrit. &#8220;Ma ei ole seda p\u00f5denud, sest k\u00fcll iga asi tuleb omal ajal ja ma arvan, et ei pea olema ka p\u00f5hir\u00fcndaja, saab ka muudmoodi v\u00e4ravaid l\u00fc\u00fca.&#8221;                         <\/p>\n","protected":false},"excerpt":{"rendered":"&#13; Eesti naiste koondise r\u00fcndaja Kristina Teern (21) soovib Itaalias Catanias m\u00e4ngimist j\u00e4tkata ka p\u00e4rast k\u00e4imasoleva hooaja l\u00f5ppu.&hellip;\n","protected":false},"author":2,"featured_media":156755,"comment_status":"","ping_status":"","sticky":false,"template":"","format":"standard","meta":{"footnotes":"","_share_on_mastodon":"0"},"categories":[18],"tags":[32388,73823,37,33,35,34,36,1665,73824,159,158,1668],"class_list":["post-156754","post","type-post","status-publish","format-standard","has-post-thumbnail","category-sport","tag-catania","tag-catania-naiskond","tag-ee","tag-eesti","tag-eesti-keel","tag-estonia","tag-estonian","tag-kristina-teern","tag-naiste-serie-c","tag-sport","tag-sports","tag-teern"],"share_on_mastodon":{"url":"https:\/\/pubeurope.com\/@ee\/116426370374871847","error":""},"_links":{"self":[{"href":"https:\/\/www.europesays.com\/ee\/wp-json\/wp\/v2\/posts\/156754","targetHints":{"allow":["GET"]}}],"collection":[{"href":"https:\/\/www.europesays.com\/ee\/wp-json\/wp\/v2\/posts"}],"about":[{"href":"https:\/\/www.europesays.com\/ee\/wp-json\/wp\/v2\/types\/post"}],"author":[{"embeddable":true,"href":"https:\/\/www.europesays.com\/ee\/wp-json\/wp\/v2\/users\/2"}],"replies":[{"embeddable":true,"href":"https:\/\/www.europesays.com\/ee\/wp-json\/wp\/v2\/comments?post=156754"}],"version-history":[{"count":0,"href":"https:\/\/www.europesays.com\/ee\/wp-json\/wp\/v2\/posts\/156754\/revisions"}],"wp:featuredmedia":[{"embeddable":true,"href":"https:\/\/www.europesays.com\/ee\/wp-json\/wp\/v2\/media\/156755"}],"wp:attachment":[{"href":"https:\/\/www.europesays.com\/ee\/wp-json\/wp\/v2\/media?parent=156754"}],"wp:term":[{"taxonomy":"category","embeddable":true,"href":"https:\/\/www.europesays.com\/ee\/wp-json\/wp\/v2\/categories?post=156754"},{"taxonomy":"post_tag","embeddable":true,"href":"https:\/\/www.europesays.com\/ee\/wp-json\/wp\/v2\/tags?post=156754"}],"curies":[{"name":"wp","href":"https:\/\/api.w.org\/{rel}","templated":true}]}}