{"id":156902,"date":"2026-04-18T20:02:13","date_gmt":"2026-04-18T20:02:13","guid":{"rendered":"https:\/\/www.europesays.com\/ee\/156902\/"},"modified":"2026-04-18T20:02:13","modified_gmt":"2026-04-18T20:02:13","slug":"tiitlipidu-juba-jargmisel-nadalavahetusel-penaltiekspert-ei-suutnud-napolit-kaotusest-paasta-soccernet-ee","status":"publish","type":"post","link":"https:\/\/www.europesays.com\/ee\/156902\/","title":{"rendered":"Tiitlipidu juba j\u00e4rgmisel n\u00e4dalavahetusel? Penaltiekspert ei suutnud Napolit kaotusest p\u00e4\u00e4sta &#8211; Soccernet.ee"},"content":{"rendered":"<p><img decoding=\"async\" src=\"https:\/\/www.europesays.com\/ee\/wp-content\/uploads\/2026\/04\/1776535044.jpg\" alt=\"Napoli kaotas vaatamata Vanja Milinkovic-Savici penaltit\u00f5rjele Laziole. Foto: Scanpix \/ Domenico Cippatelli \/ IPA MilestoneMedia \/ PA Images\"\/>&#13;\n<\/p>\n<p>Milano Interi ajaloo 21. Itaalia meistritiitlist on juba pikemat aega r\u00e4\u00e4gitud kindlas k\u00f5neviisis. See v\u00f5ib t\u00e4iesti kindlaks saada juba j\u00e4rgmisel n\u00e4dalavahetusel, sest nende l\u00e4him j\u00e4litaja Napoli kaotas taas punkte, kui kodus j\u00e4\u00e4di 0:2 alla Rooma Laziole.<\/p>\n<p>Tabelis \u00fcheksandal kohal asuv Lazio haaras juhtohjad Napoli vastu juba kuuendal minutil, kui\u00a0Matteo Cancellieri suunas Kenneth Taylori s\u00f6\u00f6du kuuelt meetrilt v\u00e4ravasse. Teise poolaja alguses vormistas l\u00f5ppseisu Toma Ba\u0161ic, kes realiseeris Lazio kontrar\u00fcnnaku v\u00e4ravaks.&#13;\n<\/p>\n<p>Seejuures oli Laziol esimesel poolajal 1:0 eduseisus kasutada ka penalti, aga Napoli v\u00e4ravavaht\u00a0Vanja Milinkovic-Savic t\u00f5rjus Mattia Zaccagni l\u00f6\u00f6gi. Milinkovic-Savic on viimase viie hooaja jooksul (alates hooajast 2021\/2022) t\u00f5rjunud Itaalia k\u00f5rgliigas kaheksa penaltit, mis on Euroopa viie tippliiga (Premier League, La Liga, Serie A, Bundesliga, Ligue 1) parim n\u00e4itaja.&#13;\n<\/p>\n<p>Napoli j\u00e4tkab tabelis teisel kohal, kaotades viis vooru enne hooaja l\u00f5ppu Interile 12 punktiga. Juhul kui kolmandal kohal olev AC Milan alistab p\u00fchap\u00e4eval v\u00f5\u00f5rsil Hellas Verona, siis nad t\u00f5usevad Napoliga samadele punktidele. Itaalia meister v\u00f5ib selguda juba j\u00e4rgmisel n\u00e4dalavahetusel, kui tulemused l\u00e4hevad Interile sobivalt.<\/p>\n","protected":false},"excerpt":{"rendered":"&#13; Milano Interi ajaloo 21. Itaalia meistritiitlist on juba pikemat aega r\u00e4\u00e4gitud kindlas k\u00f5neviisis. See v\u00f5ib t\u00e4iesti kindlaks&hellip;\n","protected":false},"author":2,"featured_media":156903,"comment_status":"","ping_status":"","sticky":false,"template":"","format":"standard","meta":{"footnotes":"","_share_on_mastodon":"0"},"categories":[18],"tags":[37,33,35,34,36,1820,109,1541,1542,1811,17121,1191,15107,159,158,50556],"class_list":["post-156902","post","type-post","status-publish","format-standard","has-post-thumbnail","category-sport","tag-ee","tag-eesti","tag-eesti-keel","tag-estonia","tag-estonian","tag-inter","tag-itaalia","tag-itaalia-korgliiga","tag-lazio","tag-milano-inter","tag-milinkovic-savic","tag-napoli","tag-rooma-lazio","tag-sport","tag-sports","tag-vanja-milinkovic-savic"],"share_on_mastodon":{"url":"https:\/\/pubeurope.com\/@ee\/116427498974666753","error":""},"_links":{"self":[{"href":"https:\/\/www.europesays.com\/ee\/wp-json\/wp\/v2\/posts\/156902","targetHints":{"allow":["GET"]}}],"collection":[{"href":"https:\/\/www.europesays.com\/ee\/wp-json\/wp\/v2\/posts"}],"about":[{"href":"https:\/\/www.europesays.com\/ee\/wp-json\/wp\/v2\/types\/post"}],"author":[{"embeddable":true,"href":"https:\/\/www.europesays.com\/ee\/wp-json\/wp\/v2\/users\/2"}],"replies":[{"embeddable":true,"href":"https:\/\/www.europesays.com\/ee\/wp-json\/wp\/v2\/comments?post=156902"}],"version-history":[{"count":0,"href":"https:\/\/www.europesays.com\/ee\/wp-json\/wp\/v2\/posts\/156902\/revisions"}],"wp:featuredmedia":[{"embeddable":true,"href":"https:\/\/www.europesays.com\/ee\/wp-json\/wp\/v2\/media\/156903"}],"wp:attachment":[{"href":"https:\/\/www.europesays.com\/ee\/wp-json\/wp\/v2\/media?parent=156902"}],"wp:term":[{"taxonomy":"category","embeddable":true,"href":"https:\/\/www.europesays.com\/ee\/wp-json\/wp\/v2\/categories?post=156902"},{"taxonomy":"post_tag","embeddable":true,"href":"https:\/\/www.europesays.com\/ee\/wp-json\/wp\/v2\/tags?post=156902"}],"curies":[{"name":"wp","href":"https:\/\/api.w.org\/{rel}","templated":true}]}}