{"id":156936,"date":"2026-04-18T22:36:09","date_gmt":"2026-04-18T22:36:09","guid":{"rendered":"https:\/\/www.europesays.com\/ee\/156936\/"},"modified":"2026-04-18T22:36:09","modified_gmt":"2026-04-18T22:36:09","slug":"13-aastase-pausi-jarel-karikafinaalis-manginud-atletico-magas-esimesed-14-sekundit-ja-poles-penaltiseerias-soccernet-ee","status":"publish","type":"post","link":"https:\/\/www.europesays.com\/ee\/156936\/","title":{"rendered":"13-aastase pausi j\u00e4rel karikafinaalis m\u00e4nginud Atletico magas esimesed 14 sekundit ja p\u00f5les penaltiseerias &#8211; Soccernet.ee"},"content":{"rendered":"<p><img decoding=\"async\" src=\"https:\/\/www.europesays.com\/ee\/wp-content\/uploads\/2026\/04\/1776550132.jpg\" alt=\"Real Sociedad on Hispaania karikav\u00f5itja. Foto: Scanpix \/ Cristina Quicler \/ AFP\"\/>&#13;\n<\/p>\n<p>Real Sociedad krooniti kolmandat korda Hispaania karikav\u00f5itjaks, alistades rekordkiire v\u00e4ravaga alanud ja penaltiseeriaga l\u00f5ppenud finaalis Atletico Madridi.<\/p>\n<p>Finaal sai p\u00f6\u00f6rase alguse, kui Sociedad vajas avav\u00e4rava l\u00f6\u00f6miseks vaid 14 sekundit ja nelja pallipuudet &#8211; Carlos Soler s\u00f6\u00f6tis keskringist palli v\u00e4ravavahile Unai Marrerole, kelle pikk s\u00f6\u00f6t j\u00f5udis vasakul \u00e4\u00e4rel Goncalo Guedesile, kelle tsenderduse suunas\u00a0Ander Barrenetxea peaga v\u00f5rku. K\u00f5igi aegade kiireim v\u00e4rav Hispaania karikafinaalis. Eelmine tippmark kuulus\u00a0Manuel Badenesile, kes skooris 1952. aastal Valencia eest 17. sekundil Barcelona vastu.&#13;\n<\/p>\n<p>Atletico j\u00f5udis kiiresti viigini, kui Ademola Lookman p\u00e4\u00e4ses Antoine Griezmanni s\u00f6\u00f6du j\u00e4rel 18. minutil karistusalast \u00fcpris vabalt l\u00f6\u00f6gile. Poolajapausile mindi siiski Sociedadi eduseisus, sest Mikel Oyarzabal realiseeris 45+1. minutil penalti, mis m\u00e4\u00e4rati p\u00e4rast seda, kui Atletico v\u00e4ravavaht Juan Musso tabas \u00f5huv\u00f5itluses k\u00e4tega Guedesi n\u00e4gu.&#13;\n<\/p>\n<p>Atletico domineeris teist poolaega, aga l\u00f5i 2:2 viigiv\u00e4rava alles 83. minutil, kui Julian Alvarez saatis umbes 15 meetrilt palli v\u00e4ravasse. Sellele j\u00e4rgnenud normaalaja l\u00f5pp ja 30-minutiline lisaaeg v\u00e4ravaid ei toonud, seega selgus v\u00f5itja penaltiseerias. Atleticole said saatuslikuks esimesed kaks l\u00f6\u00f6jat, sest nii Alexander S\u00f6rlothi kui Alvarezi l\u00f6\u00f6gi t\u00f5rjus Marrero ja Sociedad v\u00f5itis l\u00f5puks seeria, kuigi nende poolt eksis ka teine l\u00f6\u00f6ja Orri Oskarsson.&#13;\n<\/p>\n<p>Sociedad v\u00f5itis Hispaania karika kolmandat korda (eelmised kaks aastatel 1987 ja 20202) ning t\u00f5usis selles arvestuses samale pulgale Real Betisi ja Real Unioniga. Rohkem karikav\u00f5ite on Barcelonal (32), Athletic Bilbaol (24), Real Madridil (20), Atletico Madridil (10), Valencial (8), Real Zaragosal (6), Sevillal (5) ja Espanyolil (4).&#13;\n<\/p>\n<p>Atletico m\u00e4ngis karikafinaalis esmakordselt p\u00e4rast 2013. aastat, kui alistati Real Madrid ja saavutati oma k\u00fcmnes ehk seni viimane karikav\u00f5it. Kokku on Atletico finaalis m\u00e4nginud 20 korda &#8211; k\u00fcmme v\u00f5itnud ja k\u00fcmme kaotanud.&#13;\n<\/p>\n<p>Atletico Madrid &#8211; Real Sociedad 2:2 (1:1; 2:2; 2:2), penaltitega v\u00f5itis\u00a03:4 Sociedad<br \/>&#13;<br \/>\n18. Ademola Lookman, 83. Julian Alvarez &#8211; 1.\u00a0Ander Barrenetxea, 45+. pen. Mikel Oyarzabal&#13;\n<\/p>\n<blockquote class=\"twitter-tweet\"><p>&#13;<\/p>\n<p lang=\"es\" dir=\"ltr\">No digas nada. Solo CELEBRA. \ud83d\udc99<a href=\"https:\/\/twitter.com\/hashtag\/GUazenREALA?src=hash&amp;ref_src=twsrc%5Etfw\" rel=\"nofollow noopener\" target=\"_blank\">#GUazenREALA<\/a> <a href=\"https:\/\/t.co\/Uc8ESVqFJS\" rel=\"nofollow\">pic.twitter.com\/Uc8ESVqFJS<\/a>&#13;<br \/>\n\u2014 Real Sociedad F\u00fatbol (@RealSociedad) <a href=\"https:\/\/twitter.com\/RealSociedad\/status\/2045623954836963481?ref_src=twsrc%5Etfw\" rel=\"nofollow noopener\" target=\"_blank\">April 18, 2026<\/a><\/p>\n<\/blockquote>\n<p>          <script async src=\"https:\/\/platform.twitter.com\/widgets.js\" charset=\"utf-8\"><\/script><\/p>\n","protected":false},"excerpt":{"rendered":"&#13; Real Sociedad krooniti kolmandat korda Hispaania karikav\u00f5itjaks, alistades rekordkiire v\u00e4ravaga alanud ja penaltiseeriaga l\u00f5ppenud finaalis Atletico Madridi.&hellip;\n","protected":false},"author":2,"featured_media":156937,"comment_status":"","ping_status":"","sticky":false,"template":"","format":"standard","meta":{"footnotes":"","_share_on_mastodon":"0"},"categories":[18],"tags":[1739,1740,37,33,35,34,36,73874,28815,53878,5591,8297,159,158],"class_list":["post-156936","post","type-post","status-publish","format-standard","has-post-thumbnail","category-sport","tag-atletico","tag-atletico-madrid","tag-ee","tag-eesti","tag-eesti-keel","tag-estonia","tag-estonian","tag-hispaania-karikafinaal","tag-hispaania-karikas","tag-karikafinaal","tag-real-sociedad","tag-sociedad","tag-sport","tag-sports"],"share_on_mastodon":{"url":"https:\/\/pubeurope.com\/@ee\/116428104384673588","error":""},"_links":{"self":[{"href":"https:\/\/www.europesays.com\/ee\/wp-json\/wp\/v2\/posts\/156936","targetHints":{"allow":["GET"]}}],"collection":[{"href":"https:\/\/www.europesays.com\/ee\/wp-json\/wp\/v2\/posts"}],"about":[{"href":"https:\/\/www.europesays.com\/ee\/wp-json\/wp\/v2\/types\/post"}],"author":[{"embeddable":true,"href":"https:\/\/www.europesays.com\/ee\/wp-json\/wp\/v2\/users\/2"}],"replies":[{"embeddable":true,"href":"https:\/\/www.europesays.com\/ee\/wp-json\/wp\/v2\/comments?post=156936"}],"version-history":[{"count":0,"href":"https:\/\/www.europesays.com\/ee\/wp-json\/wp\/v2\/posts\/156936\/revisions"}],"wp:featuredmedia":[{"embeddable":true,"href":"https:\/\/www.europesays.com\/ee\/wp-json\/wp\/v2\/media\/156937"}],"wp:attachment":[{"href":"https:\/\/www.europesays.com\/ee\/wp-json\/wp\/v2\/media?parent=156936"}],"wp:term":[{"taxonomy":"category","embeddable":true,"href":"https:\/\/www.europesays.com\/ee\/wp-json\/wp\/v2\/categories?post=156936"},{"taxonomy":"post_tag","embeddable":true,"href":"https:\/\/www.europesays.com\/ee\/wp-json\/wp\/v2\/tags?post=156936"}],"curies":[{"name":"wp","href":"https:\/\/api.w.org\/{rel}","templated":true}]}}