{"id":156981,"date":"2026-04-19T00:51:30","date_gmt":"2026-04-19T00:51:30","guid":{"rendered":"https:\/\/www.europesays.com\/ee\/156981\/"},"modified":"2026-04-19T00:51:30","modified_gmt":"2026-04-19T00:51:30","slug":"fotod-%e2%9f%a9-balti-peaministrid-lubasid-jatkata-pingutusi-rail-balticu-kiireks-valmimiseks-postimees","status":"publish","type":"post","link":"https:\/\/www.europesays.com\/ee\/156981\/","title":{"rendered":"FOTOD \u27e9 Balti peaministrid lubasid j\u00e4tkata pingutusi Rail Balticu kiireks valmimiseks &#8211; Postimees"},"content":{"rendered":"<ol>\n<li><a href=\"https:\/\/news.google.com\/rss\/articles\/CBMitwFBVV95cUxQbXB2SFJ2LXBGLVhRS3hzc2xWOVNXdkZIQjFCMk1jUy1JMi1FMXdEUHpSYTc2ckpBRmZ4YXVVVzdVYmpZcnBGcmlzVE9UVTlxc1FlZ0oxcjJjd3JGRHhDejdHMTJUWVBVNzRPejhwYXU4UFp2RWRKRFpmVHhLaVZhUUJNU05zTEpUc1UxdUZ6bjYxWk9lRFBzRWNYRzlfc1NGaUFCTktWdmlDaDZJelBtVkVNLWE2clk?oc=5\" target=\"_blank\" rel=\"nofollow noopener\">FOTOD \u27e9 Balti peaministrid lubasid j\u00e4tkata pingutusi Rail Balticu kiireks valmimiseks<\/a>&nbsp;&nbsp;Postimees<\/li>\n<li><a href=\"https:\/\/news.google.com\/rss\/articles\/CBMi2gFBVV95cUxOdHNKMDV5bFdXMFRzNVdyWEMwZDJzRnM1MlBURzJ3ZjZFQW54d2x1X05YZnNwMEdmalpQN3FscHRVb2pkay1peEFyanJMQ05QMGEyX2FjbW5LTzVXalk5YllJVHF0OUplOEhhZWZoOGJZdTlIQW5yWUlLWTBueHBiSkNsVGlyNDFySzF2MnBNekV3akdZTVp0QUc4dTlScnlOWWtlQndUa2ZPZE9IRkpFWUNUQ1R1b0o3SVJ3YV93aUhYeXRDNGE4ZmNjY0hwX1d6WmFMeGc1TWhsQQ?oc=5\" target=\"_blank\" rel=\"nofollow noopener\">VIDEO | Eesti, L\u00e4ti ja Leedu peaministrid: hoiame Rail Balticu valmimist graafikus ja tugevdame julgeolekukoost\u00f6\u00f6d<\/a>&nbsp;&nbsp;\u00d5htuleht<\/li>\n<li><a href=\"https:\/\/news.google.com\/rss\/articles\/CBMiP0FVX3lxTE1xWkw3cExpVWtIUllSVW8zVWdfckk4YXRKSkZDOF9qbVZYQU9PWU45N0RTVnBzX0JCcnRwMExuWQ?oc=5\" target=\"_blank\" rel=\"nofollow noopener\">Kaju: uus trend Ukraina rinnetel on operatsioonid mehitamata s\u00fcsteemidega<\/a>&nbsp;&nbsp;Uudis.net<\/li>\n<li><a href=\"https:\/\/news.google.com\/rss\/articles\/CBMiygFBVV95cUxNczVOODNCU0lvVHVRME8zamZySzlyakUtS2cxaEZsMi1OYWdYclQ2YnlyaEJ3QWtodUpORzZuUEFKbi1sQU1jSmp0SGxTVGNNaTdXZUNJbWNUa3dOd2RLLVFtZFNxY1l3eFliNjZEa0RldzhFOS1JZmF6MlNsQnl2QXREWnU4Y29pOGd6cXFqNi1zcWt0aFhJTld6Qjc5SFN2TW5YU0p5VmFDM3lnQUxrWGFWeDV5VXlmaHVBVFhiUGFLRWVTZVp1ZVlR?oc=5\" target=\"_blank\" rel=\"nofollow noopener\">Eesti, L\u00e4ti ja Leedu peaministrid: hoiame Rail Balticu valmimist graafikus ja tugevdame julgeolekukoost\u00f6\u00f6d<\/a>&nbsp;&nbsp;L\u00f5unaeestlane<\/li>\n<li><a href=\"https:\/\/news.google.com\/rss\/articles\/CBMiP0FVX3lxTE9KNlo3TE9DaXFUZzc2TlRxbC1VQTVSbGRmODJ4R2xWeldSd1hJTUZqZ2lVWUI2UnRyelJvSGN6dw?oc=5\" target=\"_blank\" rel=\"nofollow noopener\">Michal: kurss on Rail Balticu trassi valmimiseks aastaks 2030<\/a>&nbsp;&nbsp;Uudis.net<\/li>\n<\/ol>\n","protected":false},"excerpt":{"rendered":"FOTOD \u27e9 Balti peaministrid lubasid j\u00e4tkata pingutusi Rail Balticu kiireks valmimiseks&nbsp;&nbsp;Postimees VIDEO | Eesti, L\u00e4ti ja Leedu peaministrid:&hellip;\n","protected":false},"author":2,"featured_media":156982,"comment_status":"","ping_status":"","sticky":false,"template":"","format":"standard","meta":{"footnotes":"","_share_on_mastodon":"0"},"categories":[80],"tags":[73885,73876,26,27,59966,37,33,35,73881,26050,73884,34,36,29512,4804,31,32,21,4142,7165,73878,646,28,29,114,73886,115,73880,95,2198,6917,62471,19,73877,25,2268,73883,73882,73887,24312,23,24,22,73879,20,656,30,92,93,94],"class_list":["post-156981","post","type-post","status-publish","format-standard","has-post-thumbnail","category-maailm","tag-2030-eesmark","tag-balti-peaministrid","tag-breaking-news","tag-breakingnews","tag-co2-kvoodid","tag-ee","tag-eesti","tag-eesti-keel","tag-eesti-riiklik-raudteeoperaator-elron","tag-ehitustood","tag-esimese-etapi-rahastus","tag-estonia","tag-estonian","tag-euroopa-liidu-rahastus","tag-evika-silina","tag-featured-news","tag-featurednews","tag-headlines","tag-inga-ruginiene","tag-investeeringud","tag-kiire-valmimine","tag-kristen-michal","tag-latest-news","tag-latestnews","tag-lati","tag-lati-valmidus","tag-leedu","tag-liitlaste-uhendused","tag-maailm","tag-majanduskasv","tag-maksutulu","tag-nato-idatiiv","tag-news","tag-pohitrass","tag-populaarseimad-lood","tag-rail-baltic","tag-rautee-infra","tag-regionaalrongide-hange","tag-taristuprojektid-balti-riikides","tag-tookohad","tag-top-stories","tag-topstories","tag-uldised-uudised","tag-ulemiste-terminal","tag-uudised","tag-varustuskindlus","tag-viimased-uudised","tag-world","tag-world-news","tag-worldnews"],"share_on_mastodon":{"url":"","error":"Validation failed: Text character limit of 500 exceeded"},"_links":{"self":[{"href":"https:\/\/www.europesays.com\/ee\/wp-json\/wp\/v2\/posts\/156981","targetHints":{"allow":["GET"]}}],"collection":[{"href":"https:\/\/www.europesays.com\/ee\/wp-json\/wp\/v2\/posts"}],"about":[{"href":"https:\/\/www.europesays.com\/ee\/wp-json\/wp\/v2\/types\/post"}],"author":[{"embeddable":true,"href":"https:\/\/www.europesays.com\/ee\/wp-json\/wp\/v2\/users\/2"}],"replies":[{"embeddable":true,"href":"https:\/\/www.europesays.com\/ee\/wp-json\/wp\/v2\/comments?post=156981"}],"version-history":[{"count":0,"href":"https:\/\/www.europesays.com\/ee\/wp-json\/wp\/v2\/posts\/156981\/revisions"}],"wp:featuredmedia":[{"embeddable":true,"href":"https:\/\/www.europesays.com\/ee\/wp-json\/wp\/v2\/media\/156982"}],"wp:attachment":[{"href":"https:\/\/www.europesays.com\/ee\/wp-json\/wp\/v2\/media?parent=156981"}],"wp:term":[{"taxonomy":"category","embeddable":true,"href":"https:\/\/www.europesays.com\/ee\/wp-json\/wp\/v2\/categories?post=156981"},{"taxonomy":"post_tag","embeddable":true,"href":"https:\/\/www.europesays.com\/ee\/wp-json\/wp\/v2\/tags?post=156981"}],"curies":[{"name":"wp","href":"https:\/\/api.w.org\/{rel}","templated":true}]}}