{"id":157065,"date":"2026-04-19T06:42:07","date_gmt":"2026-04-19T06:42:07","guid":{"rendered":"https:\/\/www.europesays.com\/ee\/157065\/"},"modified":"2026-04-19T06:42:07","modified_gmt":"2026-04-19T06:42:07","slug":"kerly-randlane-maksustame-rikkust-mitte-edukust-arvamus","status":"publish","type":"post","link":"https:\/\/www.europesays.com\/ee\/157065\/","title":{"rendered":"Kerly Randlane: maksustame rikkust, mitte edukust | Arvamus"},"content":{"rendered":"<p>Eesti maksus\u00fcsteem maksustab endiselt eelk\u00f5ige t\u00f6\u00f6d ja tarbimist, samal ajal kui kogunenud rikkus j\u00e4\u00e4b suuresti maksustamata. Ometi keskendub arutelu astmelisele tulumaksule, mis tabab t\u00f6\u00f6tavat keskklassi, kuid ei v\u00e4henda ebav\u00f5rdsust ega leevenda t\u00f6\u00f6j\u00f5u maksustamise survet, kirjutab Kerly Randlane.<\/p>\n<p>Pessimistid v\u00e4idavad, et Eesti majandus on sattunud taasiseseisvumisaja pikimasse stagnatsiooni, aga optimistid loodavad, et raskemad ajad on seljataga. Vaatamata sellele, et L\u00e4his-Ida konfliktist tingituna on majanduskasvu ootusi k\u00e4rbitud, peetakse Eesti majanduse \u00fcldist tervist praegu siiski heaks ja tugevamaks kui aasta-kaks tagasi. Ometi on see vaade petlikult rahulik, sest surve riigieelarvele ja vajadus uute tuluallikate j\u00e4rele ei ole kuhugi kadunud.<\/p>\n<p>\u00dcleilmne maksudebatt on mitmekesine ning \u00fcha enam viidatakse varamaksude vajalikkusele. Seda mitte \u00fcksnes majandusliku paratamatuse t\u00f5ttu, vaid muuhulgas ka varandusliku ebav\u00f5rdsuse v\u00e4hendamiseks.<\/p>\n<p>Ka Eesti maksus\u00fcsteem soosib enam neid, kellel on rohkem vara ehk j\u00f5ukamaid inimesi. See omakorda on tekitanud olukorra, kus j\u00f5ukam osa \u00fchiskonnast tasub oma varade mahuga v\u00f5rreldes proportsionaalselt v\u00e4hem makse kui \u00fclej\u00e4\u00e4nud elanikkond.<\/p>\n<p>Seni peamiselt t\u00f6\u00f6j\u00f5u- ja tarbimismaksudele tuginenud mudel on end ammendamas. Rahvastiku vananemine, kasvavad sotsiaalkulud ja geopoliitilised arengud sunnivad meid uusi lahendusi otsima. Seda r\u00f5hutab ka OECD 2026. aasta m\u00e4rtsi vaheraport (<a href=\"https:\/\/www.oecd.org\/en\/publications\/oecd-economic-outlook-interim-report-march-2026_d4623013-en.html\" target=\"_blank\" rel=\"noopener nofollow\">&#8220;Testing Resilience&#8221;<\/a>), mis soovitab ebakindlas majanduskeskkonnas leida t\u00f5husaid ja struktuurselt kestlikke tuluallikaid, et tulla toime pikaajaliste kulutustega.<\/p>\n<p>Astmeline tulumaks ei lahenda probleemi<\/p>\n<p>Viimaste aastate maksumuudatused on k\u00f5ige valusamalt tabanud just madalama sissetulekuga leibkondi, kes on sotsiaalmajanduslikult niigi haavatavas seisus. Varem v\u00f5i hiljem vajame maksus\u00fcsteemi \u00fcmberstruktureerimist, mis nihutaks fookuse t\u00f6\u00f6lt ja tarbimiselt muudele allikatele, p\u00e4rssimata seejuures majandusaktiivsust ja s\u00fcvendamata varalist ebav\u00f5rdsust.<\/p>\n<p>Praegused \u00fcsna tagasihoidlikud s\u00f5nav\u00f5tud maksureformi teemal kipuvad takerduma astmelise tulumaksu ideoloogiasse. Kuigi astmeline tulumaks on kaalukas argument madalama sissetulekuga inimeste s\u00e4\u00e4stmiseks, ei lahenda see kuidagi s\u00fcvenevat varalist ebav\u00f5rdsust ega stimuleeri majandusaktiivsust.<\/p>\n<p>&#8220;OECD v\u00e4rske anal\u00fc\u00fcs hoiatab riike maksusammude eest, mis suurendavad ebakindlust ja p\u00e4rsivad eratarbimist.&#8221;<\/p>\n<p>Astmelise tulumaksuga me maksustame k\u00f5rgemat t\u00f6\u00f6panust ja sissetuleku kasvu, j\u00e4ttes samal ajal t\u00e4helepanuta juba kogutud ja passiivselt seisva rikkuse. Ehk teisis\u00f5nu karistame ametialast pingutust ja loome klaaslae ambitsioonikatele spetsialistidele, kuid passiivset vara ei maksusta. OECD v\u00e4rske anal\u00fc\u00fcs hoiatab riike maksusammude eest, mis suurendavad ebakindlust ja p\u00e4rsivad eratarbimist.<\/p>\n<p>Ebav\u00f5rdsus tekib varast, mitte palgast<\/p>\n<p>V\u00f5tame n\u00e4iteks arsti, kes teenib 5015 eurot kuus. Sellelt summalt peetakse v\u00e4ljamaksmise hetkel kinni tulumaks ning t\u00f6\u00f6andja tasub sotsiaalmaksu. Arst on &#8220;edukas&#8221;, kuid tal ei pruugi olla akumuleeritud vara.<\/p>\n<p>Veelgi enam,<a href=\"https:\/\/www.eestipank.ee\/publikatsioonid\/teemapaberid\/2023\/22023-mis-selgitab-varalist-ebavordsust-eestis-varakomponentide-leibkonna-suuruse-ja-piirkonna-moju\" target=\"_blank\" rel=\"noopener nofollow\"> Eesti leibkondade varalise ebav\u00f5rdsuse uuring<\/a> osutab nn emaduse l\u00f5ksule, kus laste s\u00fcnnij\u00e4rgne sissetuleku langus p\u00e4rsib just naisspetsialistide v\u00f5imet vara koguda (Merik\u00fcll &amp; R\u00f5\u00f5m, 2025). Seevastu varaliselt j\u00f5ukamad saavad h\u00f5lpsalt n\u00e4idata v\u00e4ikest tulu v\u00f5i siis korralda oma vara nii, et see ei tekita igap\u00e4evast maksustatavat tulu. Kuni vara ei realiseerita, maksukohustust ei teki.<\/p>\n<p>Seda paradoksi on r\u00f5hutanud ka majandusteadlane<a href=\"https:\/\/gabriel-zucman.eu\/\" target=\"_blank\" rel=\"noopener nofollow\"> Gabriel Zucman<\/a>, m\u00e4rkides, et t\u00e4nane s\u00fcsteem koormab ebaproportsionaalselt neid, kes alles p\u00fc\u00fcavad oma t\u00f6\u00f6ga s\u00e4\u00e4ste koguda ja j\u00f5ukust luua, samal ajal kui olemasolevat vara ei maksustata.<\/p>\n<p>Eesti kontekstis on see eriti terav. S\u00fcveneva varalise ebav\u00f5rdsuse peamiseks p\u00f5hjuseks on<a href=\"https:\/\/www.eestipank.ee\/publikatsioonid\/teemapaberid\/2023\/22023-mis-selgitab-varalist-ebavordsust-eestis-varakomponentide-leibkonna-suuruse-ja-piirkonna-moju\" target=\"_blank\" rel=\"noopener nofollow\"> ettev\u00f5tlusvara omamine<\/a> (Merik\u00fcll &amp; R\u00f5\u00f5m, 2023). Lisaks n\u00e4itab Merik\u00fcll ja R\u00f5\u00f5mu (2025) anal\u00fc\u00fcs, et meie tegelik varaline ebav\u00f5rdsus on koguni 10\u201312 protsenti k\u00f5rgem, kui seni arvatud.<\/p>\n<p>Kas maksustame t\u00f6\u00f6d v\u00f5i rikkust?<\/p>\n<p>V\u00f5rreldes teiste euroala riikidega on Eesti maksus\u00fcsteem regressiivsem ja ebav\u00f5rdsust v\u00f5imendav. Oleme seni tuginenud peamiselt t\u00f6\u00f6j\u00f5u- ja tarbimismaksudele, aga rahvastiku vananemine, kasvavad sotsiaalkulud ja geopoliitilised arengud sunnivad meid uusi lahendusi otsima.<\/p>\n<p>T\u00f5en\u00e4oliselt ei taha keegi meist uusi makse, kuid riigi rahavajadus l\u00e4hiaastatel \u00fcksnes s\u00fcveneb. Me oleme juba Euroopa Liidu k\u00f5rgeimate k\u00e4ibemaksu standardm\u00e4\u00e4ra maksjate seas ja kanname keskmisest k\u00f5rgemat t\u00f6\u00f6j\u00f5umaksukoormust.<\/p>\n<p>Meil on kombeks tuua esimese vastuargumendina, et iga uus maks peletab investeeringud eemale ja l\u00e4henevate riigikogu valimiste eel, viib valijate h\u00e4\u00e4led. Kui me aga otsime uusi tuluallikaid, siis \u00fcksikisiku tasandil on astmeline tulumaks pingutust karistav ja selle m\u00f5ju varalise ebav\u00f5rdsuse v\u00e4hendamisele ebaoluline.<\/p>\n<p>Varamaksud seevastu on oma olemuselt proportsionaalsed v\u00f5i progresseeruvad rikkuse suhtes ning tabavad peamiselt j\u00f5ukamaid inimesi, aidates ebav\u00f5rdsust v\u00e4hendada. Lisaks on varaga seotud makse ka m\u00e4rksa keerulisem manipuleerida kui sissetulekutelt v\u00f5etavaid makse. Seejuures on h\u00e4sti disainitud varamaksud on \u00fcks k\u00f5ige v\u00e4hem majanduskasvu p\u00e4rssivaid maksuliike.<\/p>\n<p>Geopoliitiline ebakindlus, energiadefitsiit ja majanduslik surve ei ole kuhugi kadumas, meie majanduse vastupidavus n\u00f5uab tarku ja julgeid valikuid. Valik on meie, kas j\u00e4tkame vana, ammendunud mudeliga ja suuname teraviku t\u00f6\u00f6j\u00f5u ja tarbimise maksustamisele, v\u00f5i leiame uusi, kestlikke tuluallikaid.<\/p>\n","protected":false},"excerpt":{"rendered":"Eesti maksus\u00fcsteem maksustab endiselt eelk\u00f5ige t\u00f6\u00f6d ja tarbimist, samal ajal kui kogunenud rikkus j\u00e4\u00e4b suuresti maksustamata. Ometi keskendub&hellip;\n","protected":false},"author":2,"featured_media":157066,"comment_status":"","ping_status":"","sticky":false,"template":"","format":"standard","meta":{"footnotes":"","_share_on_mastodon":"0"},"categories":[14],"tags":[131,8593,130,409,37,33,35,34,36,73956,778,16061,1282,73955],"class_list":["post-157065","post","type-post","status-publish","format-standard","has-post-thumbnail","category-ari","tag-ari","tag-astmeline-tulumaks","tag-business","tag-ebavordsus","tag-ee","tag-eesti","tag-eesti-keel","tag-estonia","tag-estonian","tag-kerly-randlane","tag-maksud","tag-maksususteem","tag-tulumaks","tag-varamaksud"],"share_on_mastodon":{"url":"https:\/\/pubeurope.com\/@ee\/116430015314063509","error":""},"_links":{"self":[{"href":"https:\/\/www.europesays.com\/ee\/wp-json\/wp\/v2\/posts\/157065","targetHints":{"allow":["GET"]}}],"collection":[{"href":"https:\/\/www.europesays.com\/ee\/wp-json\/wp\/v2\/posts"}],"about":[{"href":"https:\/\/www.europesays.com\/ee\/wp-json\/wp\/v2\/types\/post"}],"author":[{"embeddable":true,"href":"https:\/\/www.europesays.com\/ee\/wp-json\/wp\/v2\/users\/2"}],"replies":[{"embeddable":true,"href":"https:\/\/www.europesays.com\/ee\/wp-json\/wp\/v2\/comments?post=157065"}],"version-history":[{"count":0,"href":"https:\/\/www.europesays.com\/ee\/wp-json\/wp\/v2\/posts\/157065\/revisions"}],"wp:featuredmedia":[{"embeddable":true,"href":"https:\/\/www.europesays.com\/ee\/wp-json\/wp\/v2\/media\/157066"}],"wp:attachment":[{"href":"https:\/\/www.europesays.com\/ee\/wp-json\/wp\/v2\/media?parent=157065"}],"wp:term":[{"taxonomy":"category","embeddable":true,"href":"https:\/\/www.europesays.com\/ee\/wp-json\/wp\/v2\/categories?post=157065"},{"taxonomy":"post_tag","embeddable":true,"href":"https:\/\/www.europesays.com\/ee\/wp-json\/wp\/v2\/tags?post=157065"}],"curies":[{"name":"wp","href":"https:\/\/api.w.org\/{rel}","templated":true}]}}