{"id":157071,"date":"2026-04-19T06:45:06","date_gmt":"2026-04-19T06:45:06","guid":{"rendered":"https:\/\/www.europesays.com\/ee\/157071\/"},"modified":"2026-04-19T06:45:06","modified_gmt":"2026-04-19T06:45:06","slug":"venemaa-bio-ja-keemiarelvade-programmi-pale-kuidas-tippsportlastest-katsejanesed-tehti","status":"publish","type":"post","link":"https:\/\/www.europesays.com\/ee\/157071\/","title":{"rendered":"Venemaa bio- ja keemiarelvade programmi pale. Kuidas tippsportlastest katsej\u00e4nesed tehti"},"content":{"rendered":"<p>Uuriva ajakirjanduse keskus <a rel=\"noopener nofollow\" target=\"_blank\" href=\"https:\/\/www.delfi.ee\/teema\/96931144\/dossier-center\" tag-id=\"96931144\">Dossier Center<\/a> on Venemaa bioloogiliste ja keemiarelvade programmi uurinud aastaid. Neil on \u00f5nnestunud hankida sadu dokumente \u2013 nii avalikke kui salastatud materjale. Nende p\u00f5hjal on valminud seni k\u00f5ige p\u00f5hjalikum \u00fclevaade suletud s\u00f5jav\u00e4elaborite t\u00f6\u00f6st, kus uuritakse m\u00fcrke, toksiine ja muid ebakonventsionaalseid relvi.<\/p>\n","protected":false},"excerpt":{"rendered":"Uuriva ajakirjanduse keskus Dossier Center on Venemaa bioloogiliste ja keemiarelvade programmi uurinud aastaid. Neil on \u00f5nnestunud hankida sadu&hellip;\n","protected":false},"author":2,"featured_media":157072,"comment_status":"","ping_status":"","sticky":false,"template":"","format":"standard","meta":{"footnotes":"","_share_on_mastodon":"0"},"categories":[5],"tags":[26,27,6009,68316,37,33,35,34,36,31,32,21,28,29,19,12045,25,23,24,22,20,30],"class_list":["post-157071","post","type-post","status-publish","format-standard","has-post-thumbnail","category-uldised-uudised","tag-breaking-news","tag-breakingnews","tag-doping","tag-dossier-center","tag-ee","tag-eesti","tag-eesti-keel","tag-estonia","tag-estonian","tag-featured-news","tag-featurednews","tag-headlines","tag-latest-news","tag-latestnews","tag-news","tag-novitsok","tag-populaarseimad-lood","tag-top-stories","tag-topstories","tag-uldised-uudised","tag-uudised","tag-viimased-uudised"],"share_on_mastodon":{"url":"https:\/\/pubeurope.com\/@ee\/116430027132859250","error":""},"_links":{"self":[{"href":"https:\/\/www.europesays.com\/ee\/wp-json\/wp\/v2\/posts\/157071","targetHints":{"allow":["GET"]}}],"collection":[{"href":"https:\/\/www.europesays.com\/ee\/wp-json\/wp\/v2\/posts"}],"about":[{"href":"https:\/\/www.europesays.com\/ee\/wp-json\/wp\/v2\/types\/post"}],"author":[{"embeddable":true,"href":"https:\/\/www.europesays.com\/ee\/wp-json\/wp\/v2\/users\/2"}],"replies":[{"embeddable":true,"href":"https:\/\/www.europesays.com\/ee\/wp-json\/wp\/v2\/comments?post=157071"}],"version-history":[{"count":0,"href":"https:\/\/www.europesays.com\/ee\/wp-json\/wp\/v2\/posts\/157071\/revisions"}],"wp:featuredmedia":[{"embeddable":true,"href":"https:\/\/www.europesays.com\/ee\/wp-json\/wp\/v2\/media\/157072"}],"wp:attachment":[{"href":"https:\/\/www.europesays.com\/ee\/wp-json\/wp\/v2\/media?parent=157071"}],"wp:term":[{"taxonomy":"category","embeddable":true,"href":"https:\/\/www.europesays.com\/ee\/wp-json\/wp\/v2\/categories?post=157071"},{"taxonomy":"post_tag","embeddable":true,"href":"https:\/\/www.europesays.com\/ee\/wp-json\/wp\/v2\/tags?post=157071"}],"curies":[{"name":"wp","href":"https:\/\/api.w.org\/{rel}","templated":true}]}}