{"id":157165,"date":"2026-04-19T08:55:07","date_gmt":"2026-04-19T08:55:07","guid":{"rendered":"https:\/\/www.europesays.com\/ee\/157165\/"},"modified":"2026-04-19T08:55:07","modified_gmt":"2026-04-19T08:55:07","slug":"skandaal-%e2%9f%a9-naisena-esinenud-mehed-voistlesid-mainekal-maratonil-ning-teenisid-korgeid-kohti","status":"publish","type":"post","link":"https:\/\/www.europesays.com\/ee\/157165\/","title":{"rendered":"SKANDAAL \u27e9 Naisena esinenud mehed v\u00f5istlesid mainekal maratonil ning teenisid k\u00f5rgeid kohti"},"content":{"rendered":"<p>Uudisteagentuur AP kirjutab, et v\u00e4idetavalt andsid naiste klassis registreerinud Larissa Parekh ja Tegan Garvey oma v\u00f5istlusnumbrid meestele Luke Jacobsile ja Nic Bradfieldile. Jacobs sai naiste arvestuses 7. ja Bradfield 10. koha.<\/p>\n<p>Kogu nelik v\u00f5ib karistuseks saada kaheaastase v\u00f5istluskeelu k\u00f5nealusel maratonil.<\/p>\n<p class=\"paragraph\">Pettus tuli p\u00e4evavalgele t\u00e4nu Luke Jacobsi sotsiaalmeediapostitusele. Ta jagas endast fotot, kust oli selgelt n\u00e4ha, et tema v\u00f5istlusnumbril oli Larissa Parekhi nimi.<\/p>\n<p>Tegan Garvey, kes andis oma v\u00f5istlusnumbri Nic Bradfieldile, selgitas, et andis oma numbri meessoost s\u00f5brale, sest tal tekkis p\u00e4ev enne v\u00f5istlust karm puusavalu, mist\u00f5ttu ta ei suutnud joosta.<\/p>\n<p>Iga-aastane kahe ookeani jooks on L\u00f5una-Aafrika \u00fcks kuulsamaid maratone. Seal on 56 km pikk ultramaraton ja 21,1 km pikk poolmaraton. T\u00e4navusel s\u00fcndmusel osales \u00fcle 16 000 jooksja.<\/p>\n","protected":false},"excerpt":{"rendered":"Uudisteagentuur AP kirjutab, et v\u00e4idetavalt andsid naiste klassis registreerinud Larissa Parekh ja Tegan Garvey oma v\u00f5istlusnumbrid meestele Luke&hellip;\n","protected":false},"author":2,"featured_media":157166,"comment_status":"","ping_status":"","sticky":false,"template":"","format":"standard","meta":{"footnotes":"","_share_on_mastodon":"0"},"categories":[80],"tags":[26,27,37,33,35,34,36,31,32,21,28,29,95,3206,3675,9787,19,3211,25,73974,23,24,22,20,30,92,93,94],"class_list":["post-157165","post","type-post","status-publish","format-standard","has-post-thumbnail","category-maailm","tag-breaking-news","tag-breakingnews","tag-ee","tag-eesti","tag-eesti-keel","tag-estonia","tag-estonian","tag-featured-news","tag-featurednews","tag-headlines","tag-latest-news","tag-latestnews","tag-maailm","tag-maraton","tag-mees","tag-naine","tag-news","tag-pettus","tag-populaarseimad-lood","tag-sohk","tag-top-stories","tag-topstories","tag-uldised-uudised","tag-uudised","tag-viimased-uudised","tag-world","tag-world-news","tag-worldnews"],"share_on_mastodon":{"url":"https:\/\/pubeurope.com\/@ee\/116430538337441743","error":""},"_links":{"self":[{"href":"https:\/\/www.europesays.com\/ee\/wp-json\/wp\/v2\/posts\/157165","targetHints":{"allow":["GET"]}}],"collection":[{"href":"https:\/\/www.europesays.com\/ee\/wp-json\/wp\/v2\/posts"}],"about":[{"href":"https:\/\/www.europesays.com\/ee\/wp-json\/wp\/v2\/types\/post"}],"author":[{"embeddable":true,"href":"https:\/\/www.europesays.com\/ee\/wp-json\/wp\/v2\/users\/2"}],"replies":[{"embeddable":true,"href":"https:\/\/www.europesays.com\/ee\/wp-json\/wp\/v2\/comments?post=157165"}],"version-history":[{"count":0,"href":"https:\/\/www.europesays.com\/ee\/wp-json\/wp\/v2\/posts\/157165\/revisions"}],"wp:featuredmedia":[{"embeddable":true,"href":"https:\/\/www.europesays.com\/ee\/wp-json\/wp\/v2\/media\/157166"}],"wp:attachment":[{"href":"https:\/\/www.europesays.com\/ee\/wp-json\/wp\/v2\/media?parent=157165"}],"wp:term":[{"taxonomy":"category","embeddable":true,"href":"https:\/\/www.europesays.com\/ee\/wp-json\/wp\/v2\/categories?post=157165"},{"taxonomy":"post_tag","embeddable":true,"href":"https:\/\/www.europesays.com\/ee\/wp-json\/wp\/v2\/tags?post=157165"}],"curies":[{"name":"wp","href":"https:\/\/api.w.org\/{rel}","templated":true}]}}