{"id":157199,"date":"2026-04-19T09:47:06","date_gmt":"2026-04-19T09:47:06","guid":{"rendered":"https:\/\/www.europesays.com\/ee\/157199\/"},"modified":"2026-04-19T09:47:06","modified_gmt":"2026-04-19T09:47:06","slug":"victoria-bechkam-murdis-viimaks-vaikuse-enda-ja-poja-brooklyni-kisma-asjus-me-puudsime-lapsi-kaitsta","status":"publish","type":"post","link":"https:\/\/www.europesays.com\/ee\/157199\/","title":{"rendered":"Victoria Bechkam murdis viimaks vaikuse enda ja poja Brooklyni kisma asjus: me p\u00fc\u00fcdsime lapsi kaitsta"},"content":{"rendered":"<p>Beckhamite perekonna vastasseis sai alguse t\u00e4navu jaanuaris, kui perepoeg Brooklyn Beckham avaldas sotsiaalmeedias, kuidas tema ema Victoria (52) talle pulmap\u00e4eval piinlikkust valmistas. Brooklyn (27) ja tema v\u00e4ljavalitu <a rel=\"noopener nofollow\" target=\"_blank\" href=\"https:\/\/www.delfi.ee\/teema\/90742635\/nicola-peltz\" tag-id=\"90742635\">Nicola Peltz<\/a> (31) abiellusid neli aastat tagasi. <\/p>\n<p>\u201eMu ema r\u00f6\u00f6vis minu ja mu abikaasa esimese tantsu. Seda oli n\u00e4dalaid plaanitud ja see pidi toimuma romantilise armastuslaulu saatel. Meie 500 pulmak\u00fclalise ees kutsus Marc Anthony mind lavale, kus kava j\u00e4rgi pidin oma abikaasaga tantsima, kuid selle asemel ootas mu ema mind tantsima. Ta tantsis v\u00e4ga ebas\u00fcndsalt minuga k\u00f5igi ees. Ma ei ole end eales tundnud nii ebamugavalt ja alandatuna,\u201c kirjeldas Brooklyn sotsiaalmeedias pulmas toimunut.<\/p>\n<p>Oled juba tellija?Logi sisse<\/p>\n<p><a href=\"https:\/\/kroonika.delfi.ee\/artikkel\/120569592\/victoria-bechkam-murdis-viimaks-vaikuse-enda-ja-poja-brooklyni-kisma-asjus-me-puudsime-lapsi-kaitsta\/kommentaarid\" class=\"article-body-bottom__comment article-body-bottom__comment--write button button--primary button--size-auto\" rel=\"nofollow noopener\" target=\"_blank\"> Kommenteeri <\/a><a href=\"https:\/\/kroonika.delfi.ee\/artikkel\/120569592\/victoria-bechkam-murdis-viimaks-vaikuse-enda-ja-poja-brooklyni-kisma-asjus-me-puudsime-lapsi-kaitsta\/kommentaarid\" class=\"article-body-bottom__comment article-body-bottom__comment--read button button--size-auto\" rel=\"nofollow noopener\" target=\"_blank\"> Loe kommentaare <\/a><\/p>\n","protected":false},"excerpt":{"rendered":"Beckhamite perekonna vastasseis sai alguse t\u00e4navu jaanuaris, kui perepoeg Brooklyn Beckham avaldas sotsiaalmeedias, kuidas tema ema Victoria (52)&hellip;\n","protected":false},"author":2,"featured_media":157200,"comment_status":"","ping_status":"","sticky":false,"template":"","format":"standard","meta":{"footnotes":"","_share_on_mastodon":"0"},"categories":[16],"tags":[8541,1561,37,33,35,173,34,36,140,44165,1562],"class_list":["post-157199","post","type-post","status-publish","format-standard","has-post-thumbnail","category-meelelahutus","tag-brooklyn-beckham","tag-david-beckham","tag-ee","tag-eesti","tag-eesti-keel","tag-entertainment","tag-estonia","tag-estonian","tag-meelelahutus","tag-nicola-peltz","tag-victoria-beckham"],"share_on_mastodon":{"url":"https:\/\/pubeurope.com\/@ee\/116430742714367085","error":""},"_links":{"self":[{"href":"https:\/\/www.europesays.com\/ee\/wp-json\/wp\/v2\/posts\/157199","targetHints":{"allow":["GET"]}}],"collection":[{"href":"https:\/\/www.europesays.com\/ee\/wp-json\/wp\/v2\/posts"}],"about":[{"href":"https:\/\/www.europesays.com\/ee\/wp-json\/wp\/v2\/types\/post"}],"author":[{"embeddable":true,"href":"https:\/\/www.europesays.com\/ee\/wp-json\/wp\/v2\/users\/2"}],"replies":[{"embeddable":true,"href":"https:\/\/www.europesays.com\/ee\/wp-json\/wp\/v2\/comments?post=157199"}],"version-history":[{"count":0,"href":"https:\/\/www.europesays.com\/ee\/wp-json\/wp\/v2\/posts\/157199\/revisions"}],"wp:featuredmedia":[{"embeddable":true,"href":"https:\/\/www.europesays.com\/ee\/wp-json\/wp\/v2\/media\/157200"}],"wp:attachment":[{"href":"https:\/\/www.europesays.com\/ee\/wp-json\/wp\/v2\/media?parent=157199"}],"wp:term":[{"taxonomy":"category","embeddable":true,"href":"https:\/\/www.europesays.com\/ee\/wp-json\/wp\/v2\/categories?post=157199"},{"taxonomy":"post_tag","embeddable":true,"href":"https:\/\/www.europesays.com\/ee\/wp-json\/wp\/v2\/tags?post=157199"}],"curies":[{"name":"wp","href":"https:\/\/api.w.org\/{rel}","templated":true}]}}