{"id":157273,"date":"2026-04-19T11:27:09","date_gmt":"2026-04-19T11:27:09","guid":{"rendered":"https:\/\/www.europesays.com\/ee\/157273\/"},"modified":"2026-04-19T11:27:09","modified_gmt":"2026-04-19T11:27:09","slug":"heina-klubi-kodumangus-sai-naha-tulevarki-ja-eemaldamisi-jalgpall","status":"publish","type":"post","link":"https:\/\/www.europesays.com\/ee\/157273\/","title":{"rendered":"Heina klubi kodum\u00e4ngus sai n\u00e4ha tulev\u00e4rki ja eemaldamisi | Jalgpall"},"content":{"rendered":"<p>Eesti jalgpallur Karl Jakob Heina koduklubi Bremeni Werder alistas Saksamaa k\u00f5rgliiga 30. vooru kohtumises kodus Hamburgi meeskonna 3:1 ja parandas tabeliseisu.<\/p>\n<p>Kaks v\u00e4ravat k\u00f5i Bremeni kasuks Jens Stage (37. ja 57. minutil), \u00fche lisas Cameron Puertas (90+1.). Hamburgi ainus tabamus j\u00e4i Robert Glatzeli (41.) nimele.<\/p>\n<p>Kohtumine oli t\u00e4htis sportlikult, aga ka ajalooliselt, sest tegemist on Saksamaa jalgpalli traditsioonilise vastasseisuga, kus kohtuvad riigi p\u00f5hjaosa suurlinnade esiklubid.<\/p>\n<p>See avaldus ka laup\u00e4eval Bremenis, kui k\u00fclalisv\u00f5istkonna poolehoidjad lasid staadionil signaalrakette ja t\u00f5rvikuid, mis tabasid kodumeeskonna f\u00e4nnitrib\u00fc\u00fcne ja ohustasid v\u00e4ljakul olevaid m\u00e4ngijaid.<\/p>\n<p>&#8220;Kui piire \u00fcletatakse, siis ei kuulu see enam jalgpalliv\u00e4ljakule,&#8221; s\u00f5nas Werderi peatreener Daniel Thioune, kes on varem juhendanud ka Hamburgi meeskonda. &#8220;Vigastuste oht oli v\u00e4ga suur. N\u00e4gin, et midagi tabas m\u00e4ngijaid, kes olid meil k\u00f5rval.&#8221;<\/p>\n<p>Kohtumine oli tuline ka v\u00e4ljakul. Hamburg l\u00f5petas m\u00e4ngu k\u00fcmnekesi ja m\u00f5lema meeskonna abitreenerid eemaldati m\u00e4ngu \u00fcleminutitel tehnilisest alast.<\/p>\n<p>Liigatabelis on m\u00f5lemal klubil n\u00fc\u00fcd 31 punkti ja sellega ollakse v\u00e4ljalangemisjoonest \u00fcleval pool: Hamburg hoiab 13. ja Werder 14. kohta.<\/p>\n<p>Werderis laenul olev Karl Jakob Hein on tegutsenud valdavalt varuv\u00e4ravavahi rollis, aga sai m\u00e4rtsis treeningul viga ja sel hooajal enam platsile ei tule.<\/p>\n","protected":false},"excerpt":{"rendered":"Eesti jalgpallur Karl Jakob Heina koduklubi Bremeni Werder alistas Saksamaa k\u00f5rgliiga 30. vooru kohtumises kodus Hamburgi meeskonna 3:1&hellip;\n","protected":false},"author":2,"featured_media":157274,"comment_status":"","ping_status":"","sticky":false,"template":"","format":"standard","meta":{"footnotes":"","_share_on_mastodon":"0"},"categories":[18],"tags":[526,37,33,35,34,36,529,536,159,158],"class_list":["post-157273","post","type-post","status-publish","format-standard","has-post-thumbnail","category-sport","tag-bremeni-werder","tag-ee","tag-eesti","tag-eesti-keel","tag-estonia","tag-estonian","tag-hamburg","tag-karl-jakob-hein","tag-sport","tag-sports"],"share_on_mastodon":{"url":"https:\/\/pubeurope.com\/@ee\/116431135855727759","error":""},"_links":{"self":[{"href":"https:\/\/www.europesays.com\/ee\/wp-json\/wp\/v2\/posts\/157273","targetHints":{"allow":["GET"]}}],"collection":[{"href":"https:\/\/www.europesays.com\/ee\/wp-json\/wp\/v2\/posts"}],"about":[{"href":"https:\/\/www.europesays.com\/ee\/wp-json\/wp\/v2\/types\/post"}],"author":[{"embeddable":true,"href":"https:\/\/www.europesays.com\/ee\/wp-json\/wp\/v2\/users\/2"}],"replies":[{"embeddable":true,"href":"https:\/\/www.europesays.com\/ee\/wp-json\/wp\/v2\/comments?post=157273"}],"version-history":[{"count":0,"href":"https:\/\/www.europesays.com\/ee\/wp-json\/wp\/v2\/posts\/157273\/revisions"}],"wp:featuredmedia":[{"embeddable":true,"href":"https:\/\/www.europesays.com\/ee\/wp-json\/wp\/v2\/media\/157274"}],"wp:attachment":[{"href":"https:\/\/www.europesays.com\/ee\/wp-json\/wp\/v2\/media?parent=157273"}],"wp:term":[{"taxonomy":"category","embeddable":true,"href":"https:\/\/www.europesays.com\/ee\/wp-json\/wp\/v2\/categories?post=157273"},{"taxonomy":"post_tag","embeddable":true,"href":"https:\/\/www.europesays.com\/ee\/wp-json\/wp\/v2\/tags?post=157273"}],"curies":[{"name":"wp","href":"https:\/\/api.w.org\/{rel}","templated":true}]}}