{"id":157292,"date":"2026-04-19T11:49:09","date_gmt":"2026-04-19T11:49:09","guid":{"rendered":"https:\/\/www.europesays.com\/ee\/157292\/"},"modified":"2026-04-19T11:49:09","modified_gmt":"2026-04-19T11:49:09","slug":"esimesel-poolajal-kumnekesi-jaanud-elva-kaotas-eduseisust-unitedi-duublile-soccernet-ee","status":"publish","type":"post","link":"https:\/\/www.europesays.com\/ee\/157292\/","title":{"rendered":"Esimesel poolajal k\u00fcmnekesi j\u00e4\u00e4nud Elva kaotas eduseisust Unitedi duublile &#8211; Soccernet.ee"},"content":{"rendered":"<p><img decoding=\"async\" src=\"https:\/\/www.europesays.com\/ee\/wp-content\/uploads\/2026\/04\/1776597438.jpg\" alt=\"Elva peatreener Kaido Koppel. Foto: Katariina Peetson \/ jalgpall.ee\"\/>&#13;\n<\/p>\n<p>Esiliiga kuues voor l\u00f5ppes Elvas, kus kodumeeskond m\u00e4ngis k\u00fcmnekesi v\u00e4ljakule j\u00e4\u00e4des 1:0 eduseisu maha ja kaotas 1:3 N\u00f5mme Unitedi duubelmeeskonnale.<\/p>\n<p>Elva asus m\u00e4ngu 22. minutil juhtima, kui Karl Johann Haabma murdis vasakult \u00e4\u00e4relt palliga karistusalasse ja skooris \u00fcsna terava nurga alt. Tosin minutit hiljem j\u00e4i kodumeeskond aga k\u00fcmnekesi v\u00e4ljakule, sest Dominic Laaneots sai m\u00e4nguv\u00e4lises olukorras teise kollase kaardi.&#13;\n<\/p>\n<p>Vaheajale mindi v\u00f5\u00f5rustajate minimaalses eduseisus, aga riietusruumist naastes l\u00f5i Unitedi duubel kiiresti viigiv\u00e4rava, kui Kert Tomingas skooris Romet Leppiku s\u00f6\u00f6du j\u00e4rel penaltipunkti l\u00e4histelt. United U21 v\u00f5iduv\u00e4rav s\u00fcndis 72. minutil, kui Artsemi Radomski riputas palli v\u00e4rava ette ja Sten Ove Mihelson l\u00f5i selle m\u00f5nelt meetrilt v\u00f5rku. L\u00f5ppseisu vormistas 84. minutil Radomski, kes l\u00f5i kuuelt meetrilt lahtise palli v\u00e4ravasse.&#13;\n<\/p>\n<p>Unitedi duubel asub 13 punktiga teisel kohal ja Elva 10 punktiga neljandal tabelireal. Nende vahele mahub 12 punkti kogunud FC Flora duubelmeeskond. Tabeliliider on k\u00f5ik m\u00e4ngud v\u00f5itnud ja 18 punkti teeninud Tartu Welco.<\/p>\n","protected":false},"excerpt":{"rendered":"&#13; Esiliiga kuues voor l\u00f5ppes Elvas, kus kodumeeskond m\u00e4ngis k\u00fcmnekesi v\u00e4ljakule j\u00e4\u00e4des 1:0 eduseisu maha ja kaotas 1:3&hellip;\n","protected":false},"author":2,"featured_media":157293,"comment_status":"","ping_status":"","sticky":false,"template":"","format":"standard","meta":{"footnotes":"","_share_on_mastodon":"0"},"categories":[18],"tags":[37,33,35,897,74004,34,36,3970,12955,10844,159,158,10846,74005],"class_list":["post-157292","post","type-post","status-publish","format-standard","has-post-thumbnail","category-sport","tag-ee","tag-eesti","tag-eesti-keel","tag-elva","tag-esiliga","tag-estonia","tag-estonian","tag-fc-elva","tag-fc-nomme-united-u21","tag-nomme-united-u21","tag-sport","tag-sports","tag-united-u21","tag-unitedi-duubel"],"share_on_mastodon":{"url":"https:\/\/pubeurope.com\/@ee\/116431222640385590","error":""},"_links":{"self":[{"href":"https:\/\/www.europesays.com\/ee\/wp-json\/wp\/v2\/posts\/157292","targetHints":{"allow":["GET"]}}],"collection":[{"href":"https:\/\/www.europesays.com\/ee\/wp-json\/wp\/v2\/posts"}],"about":[{"href":"https:\/\/www.europesays.com\/ee\/wp-json\/wp\/v2\/types\/post"}],"author":[{"embeddable":true,"href":"https:\/\/www.europesays.com\/ee\/wp-json\/wp\/v2\/users\/2"}],"replies":[{"embeddable":true,"href":"https:\/\/www.europesays.com\/ee\/wp-json\/wp\/v2\/comments?post=157292"}],"version-history":[{"count":0,"href":"https:\/\/www.europesays.com\/ee\/wp-json\/wp\/v2\/posts\/157292\/revisions"}],"wp:featuredmedia":[{"embeddable":true,"href":"https:\/\/www.europesays.com\/ee\/wp-json\/wp\/v2\/media\/157293"}],"wp:attachment":[{"href":"https:\/\/www.europesays.com\/ee\/wp-json\/wp\/v2\/media?parent=157292"}],"wp:term":[{"taxonomy":"category","embeddable":true,"href":"https:\/\/www.europesays.com\/ee\/wp-json\/wp\/v2\/categories?post=157292"},{"taxonomy":"post_tag","embeddable":true,"href":"https:\/\/www.europesays.com\/ee\/wp-json\/wp\/v2\/tags?post=157292"}],"curies":[{"name":"wp","href":"https:\/\/api.w.org\/{rel}","templated":true}]}}