{"id":157417,"date":"2026-04-19T14:44:24","date_gmt":"2026-04-19T14:44:24","guid":{"rendered":"https:\/\/www.europesays.com\/ee\/157417\/"},"modified":"2026-04-19T14:44:24","modified_gmt":"2026-04-19T14:44:24","slug":"lahkus-kodumaalt-peitu-sarah-fergusoni-pereliige-paljastas-miks-endine-hertsoginna-end-kallis-austria-kliinikus-varjab","status":"publish","type":"post","link":"https:\/\/www.europesays.com\/ee\/157417\/","title":{"rendered":"Lahkus kodumaalt peitu! Sarah Fergusoni pereliige paljastas, miks endine hertsoginna end kallis Austria kliinikus varjab"},"content":{"rendered":"<p>Briti v\u00e4ljaanne The Sun kirjutas sel n\u00e4dalal, et kui varem on olnud endise Yorgi hertsoginna Sarah Fergusoni asukoht teadmata, siis n\u00fc\u00fcd on see v\u00e4lja tulnud. Sarah otsustas end peita Austrias ja viibib \u00fches kallis suusakuurordis ja heaolukliinikus. N\u00e4dal aega peatumist seal maksab 15 000 naela. Enne sel n\u00e4dalal \u00dchendkuningriigi meedias avaldatud fotosid Sarah\u2019st n\u00e4hti teda viimati avalikkuse ees eelmise aasta septembris. <\/p>\n<p>N\u00fc\u00fcd on Sarah\u2019 kasuisa n\u00f5bu Martin Barrantes r\u00e4\u00e4kinud meediale, miks otsustas endine hertsoginna meedia ja avalikkuse eest peitu pugeda. \u201eMa olen temaga r\u00e4\u00e4kinud ja saan \u00f6elda teile, et ta tahab lihtsalt oma lapsi ja lapselapsi kaitsta,\u201c paljastas Barrantes.<\/p>\n<p>Oled juba tellija?Logi sisse<\/p>\n<p><a href=\"https:\/\/kroonika.delfi.ee\/artikkel\/120569615\/lahkus-kodumaalt-peitu-sarah-fergusoni-pereliige-paljastas-miks-endine-hertsoginna-end-kallis-austria-kliinikus-varjab\/kommentaarid\" class=\"article-body-bottom__comment article-body-bottom__comment--write button button--primary button--size-auto\" rel=\"nofollow noopener\" target=\"_blank\"> Kommenteeri <\/a><a href=\"https:\/\/kroonika.delfi.ee\/artikkel\/120569615\/lahkus-kodumaalt-peitu-sarah-fergusoni-pereliige-paljastas-miks-endine-hertsoginna-end-kallis-austria-kliinikus-varjab\/kommentaarid\" class=\"article-body-bottom__comment article-body-bottom__comment--read button button--size-auto\" rel=\"nofollow noopener\" target=\"_blank\"> Loe kommentaare (1)<\/a><\/p>\n","protected":false},"excerpt":{"rendered":"Briti v\u00e4ljaanne The Sun kirjutas sel n\u00e4dalal, et kui varem on olnud endise Yorgi hertsoginna Sarah Fergusoni asukoht&hellip;\n","protected":false},"author":2,"featured_media":157418,"comment_status":"","ping_status":"","sticky":false,"template":"","format":"standard","meta":{"footnotes":"","_share_on_mastodon":"0"},"categories":[16],"tags":[18809,37,33,35,173,34,36,8614,2676,140,2355],"class_list":["post-157417","post","type-post","status-publish","format-standard","has-post-thumbnail","category-meelelahutus","tag-andrew-mountbatten-windsor","tag-ee","tag-eesti","tag-eesti-keel","tag-entertainment","tag-estonia","tag-estonian","tag-jeffrey-epstein","tag-kuningas-charles-iii","tag-meelelahutus","tag-sarah-ferguson"],"share_on_mastodon":{"url":"https:\/\/pubeurope.com\/@ee\/116431910601712688","error":""},"_links":{"self":[{"href":"https:\/\/www.europesays.com\/ee\/wp-json\/wp\/v2\/posts\/157417","targetHints":{"allow":["GET"]}}],"collection":[{"href":"https:\/\/www.europesays.com\/ee\/wp-json\/wp\/v2\/posts"}],"about":[{"href":"https:\/\/www.europesays.com\/ee\/wp-json\/wp\/v2\/types\/post"}],"author":[{"embeddable":true,"href":"https:\/\/www.europesays.com\/ee\/wp-json\/wp\/v2\/users\/2"}],"replies":[{"embeddable":true,"href":"https:\/\/www.europesays.com\/ee\/wp-json\/wp\/v2\/comments?post=157417"}],"version-history":[{"count":0,"href":"https:\/\/www.europesays.com\/ee\/wp-json\/wp\/v2\/posts\/157417\/revisions"}],"wp:featuredmedia":[{"embeddable":true,"href":"https:\/\/www.europesays.com\/ee\/wp-json\/wp\/v2\/media\/157418"}],"wp:attachment":[{"href":"https:\/\/www.europesays.com\/ee\/wp-json\/wp\/v2\/media?parent=157417"}],"wp:term":[{"taxonomy":"category","embeddable":true,"href":"https:\/\/www.europesays.com\/ee\/wp-json\/wp\/v2\/categories?post=157417"},{"taxonomy":"post_tag","embeddable":true,"href":"https:\/\/www.europesays.com\/ee\/wp-json\/wp\/v2\/tags?post=157417"}],"curies":[{"name":"wp","href":"https:\/\/api.w.org\/{rel}","templated":true}]}}