{"id":157508,"date":"2026-04-19T16:35:09","date_gmt":"2026-04-19T16:35:09","guid":{"rendered":"https:\/\/www.europesays.com\/ee\/157508\/"},"modified":"2026-04-19T16:35:09","modified_gmt":"2026-04-19T16:35:09","slug":"rabiot-tabamus-punase-laterna-vastu-viis-milani-taas-voidureele-soccernet-ee","status":"publish","type":"post","link":"https:\/\/www.europesays.com\/ee\/157508\/","title":{"rendered":"Rabiot tabamus punase laterna vastu viis Milani taas v\u00f5idureele &#8211; Soccernet.ee"},"content":{"rendered":"<p><img decoding=\"async\" src=\"https:\/\/www.europesays.com\/ee\/wp-content\/uploads\/2026\/04\/1776613012.jpg\" alt=\"Adrien Rabio l\u00f5i AC Milani v\u00f5iduv\u00e4rava. Foto: Scanpix \/ Piero Cruciatti \/ AFP\"\/>&#13;\n<\/p>\n<p>Itaalia k\u00f5rgliiga 33. m\u00e4nguvoorus alistas AC Milan v\u00f5\u00f5rsil liiga punase laterna Hellas Verona 1:0. Kohtumise ainsa v\u00e4rava l\u00f5i prantslane Adrien Rabiot.\u00a0<\/p>\n<p>Milano punt alustas kohtumist loiult ning esimene pealel\u00f6\u00f6k sooritati alles 32. minutil, kui l\u00f6\u00f6gi saatis teele Rabiot. K\u00fclalisf\u00e4nnide \u00f5nneks n\u00e4itas prantslasest poolkaitsja avapoolaja l\u00f5pus m\u00e4rksa paremat v\u00e4ravanina, kui ta kohtumise ainsa v\u00e4rava l\u00f5i.&#13;\n<\/p>\n<p>Poolajapausile eduseisus minemiseks vajas Milan siiski ka kindamehe Mike Maignani abi, kes poolaja l\u00f5puhetkedel \u00fcks-\u00fchele olukorras hea t\u00f5rje tegi. Teisel kolmveerandtunnil pidi Maignan veel v\u00e4ravajoonel head tegutsemist n\u00e4itama ning l\u00f5puks v\u00f5ideldi vajalikud kolm punkti v\u00e4lja.&#13;\n<\/p>\n<p>Milano punt paikneb Itaalia k\u00f5rgliigas 66 silmaga teisel tabelireal, Verona sats aga 18 punktiga viimasel. K\u00fcll aga on tabeli tipus oleval Milano Interil ette n\u00e4idata 78 punkti, mis t\u00e4hendab, et v\u00e4ga suure t\u00f5en\u00e4osusega tulevad nemad Itaalia meistriks.\u00a0<\/p>\n<p>Palli panid m\u00e4ngu ka Cremonese ja Torino, ent selles kohtumises v\u00e4ravaid ei l\u00f6\u00f6dud. Torino j\u00e4tkab liigatabelis 12. kohal, Cremonese seis on aga m\u00e4rksa keerulisem. Nende arvel on praegu 28 silma, mis t\u00e4hendab, et v\u00e4ljalangemistsoonist lahutab neid vaid \u00fcks punkt.\u00a0&#13;<\/p>\n","protected":false},"excerpt":{"rendered":"&#13; Itaalia k\u00f5rgliiga 33. m\u00e4nguvoorus alistas AC Milan v\u00f5\u00f5rsil liiga punase laterna Hellas Verona 1:0. Kohtumise ainsa v\u00e4rava&hellip;\n","protected":false},"author":2,"featured_media":157509,"comment_status":"","ping_status":"","sticky":false,"template":"","format":"standard","meta":{"footnotes":"","_share_on_mastodon":"0"},"categories":[18],"tags":[1076,9322,1818,37,33,35,34,36,74166,1147,1080,9323,159,158,1823,1151],"class_list":["post-157508","post","type-post","status-publish","format-standard","has-post-thumbnail","category-sport","tag-ac-milan","tag-adrien-rabiot","tag-cremonese","tag-ee","tag-eesti","tag-eesti-keel","tag-estonia","tag-estonian","tag-hellas","tag-hellas-verona","tag-milan","tag-rabiot","tag-sport","tag-sports","tag-torino","tag-verona"],"share_on_mastodon":{"url":"https:\/\/pubeurope.com\/@ee\/116432347172737993","error":""},"_links":{"self":[{"href":"https:\/\/www.europesays.com\/ee\/wp-json\/wp\/v2\/posts\/157508","targetHints":{"allow":["GET"]}}],"collection":[{"href":"https:\/\/www.europesays.com\/ee\/wp-json\/wp\/v2\/posts"}],"about":[{"href":"https:\/\/www.europesays.com\/ee\/wp-json\/wp\/v2\/types\/post"}],"author":[{"embeddable":true,"href":"https:\/\/www.europesays.com\/ee\/wp-json\/wp\/v2\/users\/2"}],"replies":[{"embeddable":true,"href":"https:\/\/www.europesays.com\/ee\/wp-json\/wp\/v2\/comments?post=157508"}],"version-history":[{"count":0,"href":"https:\/\/www.europesays.com\/ee\/wp-json\/wp\/v2\/posts\/157508\/revisions"}],"wp:featuredmedia":[{"embeddable":true,"href":"https:\/\/www.europesays.com\/ee\/wp-json\/wp\/v2\/media\/157509"}],"wp:attachment":[{"href":"https:\/\/www.europesays.com\/ee\/wp-json\/wp\/v2\/media?parent=157508"}],"wp:term":[{"taxonomy":"category","embeddable":true,"href":"https:\/\/www.europesays.com\/ee\/wp-json\/wp\/v2\/categories?post=157508"},{"taxonomy":"post_tag","embeddable":true,"href":"https:\/\/www.europesays.com\/ee\/wp-json\/wp\/v2\/tags?post=157508"}],"curies":[{"name":"wp","href":"https:\/\/api.w.org\/{rel}","templated":true}]}}