{"id":157570,"date":"2026-04-19T18:02:08","date_gmt":"2026-04-19T18:02:08","guid":{"rendered":"https:\/\/www.europesays.com\/ee\/157570\/"},"modified":"2026-04-19T18:02:08","modified_gmt":"2026-04-19T18:02:08","slug":"romeo-julia-laulud-kolavad-taas-rokkmuusikal-naaseb-lavale-galakontsertidega-tallinnas-ja-tartus","status":"publish","type":"post","link":"https:\/\/www.europesays.com\/ee\/157570\/","title":{"rendered":"\u201eRomeo &#038; Julia\u201c laulud k\u00f5lavad taas! Rokkmuusikal naaseb lavale galakontsertidega Tallinnas ja Tartus"},"content":{"rendered":"<p>Armastuslugu, mis on puudutanud p\u00f5lvkondi, k\u00f5lab n\u00fc\u00fcd l\u00e4bi muusika ning kannab \u201eRomeo &amp; Julia\u201c jutustust endaga edasi. P\u00e4rast \u00fclimenukaid lavastusi Unibet Arenal tuuakse publikuni rokkmuusikali k\u00f5ige v\u00f5imsamad hetked ja armastatumad laulud galakontserdina. <\/p>\n<p>Vaid kahel oktoobrikuu \u00f5htul astuvad taas publiku ette <a rel=\"noopener nofollow\" target=\"_blank\" href=\"https:\/\/www.delfi.ee\/teema\/81625595\/jaagup-tuisk\" tag-id=\"81625595\">Jaagup Tuisk<\/a> ja Wanda-Helene Ollep ning unustamatud etteasted teinud Kalle Sepp, Ott Lepland, Kaire Vilgats, Lauri Liiv ja Jaagup Kreem. Nendega koos ka legendaarne ansambel <a rel=\"noopener nofollow\" target=\"_blank\" href=\"https:\/\/www.delfi.ee\/teema\/82332547\/terminaator\" tag-id=\"82332547\">Terminaator<\/a> ja erik\u00fclalisena Elmar Liitmaa. Laval on Muusikalikooli noortekoor koos s\u00fcmfooniaorkestri kammerkoosseisuga. <\/p>\n<p>Muusikali erilisemad hetked ja armastatumad lood nagu \u201eSiis, kui maailm magab veel\u201c, \u201eTee seda veel\u201c, \u201eNagu esimene kord\u201c ja paljud teised k\u00f5lavad kontsertidel, mis toimuvad Tartus 13. oktoobril ja Tallinnas 18. oktoobril. Piletid on saadaval <a rel=\"noopener follow nofollow\" target=\"_blank\" href=\"https:\/\/www.piletitasku.ee\/et\/performance\/25658\" data-rel-date-range=\"[]\">Piletitaskus<\/a>. <\/p>\n<p>T\u00e4nap\u00e4evases t\u00f5lgenduses rokkmuusikali \u201eRomeo &amp; Julia\u201c kolm etendust toimusid Unibet Arenal 20.-22. m\u00e4rtsil. Tegu oli l\u00e4bi aegade suurima teatrietenduse produktsiooniga Eestis. \u201eRomeo &amp; Julia\u201c muusikalise poole eest vastutas ansambel \u201eTerminaator\u201c koos s\u00fcmfooniaorkestriga ning kaasa tegi terve plejaad Eesti tuntud n\u00e4itlejaid ja artiste, noortekoor ja tantsijad \u2013 kokku \u00fcle 100 esineja. <\/p>\n<p>Kuidas see lugu Sind end tundma pani? Saada <a href=\"https:\/\/kroonika.delfi.ee\/artikkel\/120569652\/romeo-amp-julia-laulud-kolavad-taas-rokkmuusikal-naaseb-lavale-galakontsertidega-tallinnas-ja-tartus\/kommentaarid\" class=\"article-body-bottom__comment article-body-bottom__comment--write button button--primary button--size-auto\" rel=\"nofollow noopener\" target=\"_blank\"> Kommenteeri <\/a><a href=\"https:\/\/kroonika.delfi.ee\/artikkel\/120569652\/romeo-amp-julia-laulud-kolavad-taas-rokkmuusikal-naaseb-lavale-galakontsertidega-tallinnas-ja-tartus\/kommentaarid\" class=\"article-body-bottom__comment article-body-bottom__comment--read button button--size-auto\" rel=\"nofollow noopener\" target=\"_blank\"> Loe kommentaare (3)<\/a><\/p>\n","protected":false},"excerpt":{"rendered":"Armastuslugu, mis on puudutanud p\u00f5lvkondi, k\u00f5lab n\u00fc\u00fcd l\u00e4bi muusika ning kannab \u201eRomeo &amp; Julia\u201c jutustust endaga edasi. P\u00e4rast&hellip;\n","protected":false},"author":2,"featured_media":157571,"comment_status":"","ping_status":"","sticky":false,"template":"","format":"standard","meta":{"footnotes":"","_share_on_mastodon":"0"},"categories":[16],"tags":[37,33,35,173,34,36,28284,140,466],"class_list":["post-157570","post","type-post","status-publish","format-standard","has-post-thumbnail","category-meelelahutus","tag-ee","tag-eesti","tag-eesti-keel","tag-entertainment","tag-estonia","tag-estonian","tag-jaagup-tuisk","tag-meelelahutus","tag-terminaator"],"share_on_mastodon":{"url":"https:\/\/pubeurope.com\/@ee\/116432689243721883","error":""},"_links":{"self":[{"href":"https:\/\/www.europesays.com\/ee\/wp-json\/wp\/v2\/posts\/157570","targetHints":{"allow":["GET"]}}],"collection":[{"href":"https:\/\/www.europesays.com\/ee\/wp-json\/wp\/v2\/posts"}],"about":[{"href":"https:\/\/www.europesays.com\/ee\/wp-json\/wp\/v2\/types\/post"}],"author":[{"embeddable":true,"href":"https:\/\/www.europesays.com\/ee\/wp-json\/wp\/v2\/users\/2"}],"replies":[{"embeddable":true,"href":"https:\/\/www.europesays.com\/ee\/wp-json\/wp\/v2\/comments?post=157570"}],"version-history":[{"count":0,"href":"https:\/\/www.europesays.com\/ee\/wp-json\/wp\/v2\/posts\/157570\/revisions"}],"wp:featuredmedia":[{"embeddable":true,"href":"https:\/\/www.europesays.com\/ee\/wp-json\/wp\/v2\/media\/157571"}],"wp:attachment":[{"href":"https:\/\/www.europesays.com\/ee\/wp-json\/wp\/v2\/media?parent=157570"}],"wp:term":[{"taxonomy":"category","embeddable":true,"href":"https:\/\/www.europesays.com\/ee\/wp-json\/wp\/v2\/categories?post=157570"},{"taxonomy":"post_tag","embeddable":true,"href":"https:\/\/www.europesays.com\/ee\/wp-json\/wp\/v2\/tags?post=157570"}],"curies":[{"name":"wp","href":"https:\/\/api.w.org\/{rel}","templated":true}]}}