{"id":157613,"date":"2026-04-19T19:35:08","date_gmt":"2026-04-19T19:35:08","guid":{"rendered":"https:\/\/www.europesays.com\/ee\/157613\/"},"modified":"2026-04-19T19:35:08","modified_gmt":"2026-04-19T19:35:08","slug":"kui-unustad-kirjale-vastata-voetakse-su-maa-kaitse-alla","status":"publish","type":"post","link":"https:\/\/www.europesays.com\/ee\/157613\/","title":{"rendered":"kui unustad kirjale vastata, v\u00f5etakse su maa kaitse alla"},"content":{"rendered":"<p>Kliimaministeerium kinnitab, et eramaid kaitse alla v\u00f5tta on justkui erandlik samm, milleks on kehtestatud selged reeglid ja eeldus maaomaniku n\u00f5usolekust. Samal ajal lubab ametkond, et kui omanik ametlikule kirjale ei vasta, v\u00f5ib vaikimist t\u00f5lgendada heakskiiduna.<\/p>\n<p>Kuidas selline l\u00e4henemine praktikas toimib, kui palju omanikke tegelikult kaasa r\u00e4\u00e4gib ning millist rahalist kompensatsiooni riik piirangute eest pakub, on k\u00fcsimused, millele vastuseid otsitakse nii ministeeriumis kui maaomanike seas.<\/p>\n","protected":false},"excerpt":{"rendered":"Kliimaministeerium kinnitab, et eramaid kaitse alla v\u00f5tta on justkui erandlik samm, milleks on kehtestatud selged reeglid ja eeldus&hellip;\n","protected":false},"author":2,"featured_media":157614,"comment_status":"","ping_status":"","sticky":false,"template":"","format":"standard","meta":{"footnotes":"","_share_on_mastodon":"0"},"categories":[12],"tags":[26,27,37,33,35,74189,34,36,31,32,21,74192,74193,74191,1452,74196,3081,28,29,74190,9969,19,21822,25,10880,74195,23,24,22,20,74194,30],"class_list":["post-157613","post","type-post","status-publish","format-standard","has-post-thumbnail","category-eesti","tag-breaking-news","tag-breakingnews","tag-ee","tag-eesti","tag-eesti-keel","tag-eramaade-kaitse-alla-votmine","tag-estonia","tag-estonian","tag-featured-news","tag-featurednews","tag-headlines","tag-i-kaitsekategooria-liigid","tag-ii-kaitsekategooria-liigid","tag-kaitseala-laiendamine","tag-keskkonnaamet","tag-keskkonnapoliitika-eesti","tag-kliimaministeerium","tag-latest-news","tag-latestnews","tag-maaomaniku-nousolek","tag-marten-kokk","tag-news","tag-ohustatud-liigid","tag-populaarseimad-lood","tag-rainer-vakra","tag-timo-kark","tag-top-stories","tag-topstories","tag-uldised-uudised","tag-uudised","tag-vaikiv-nousolek","tag-viimased-uudised"],"share_on_mastodon":{"url":"","error":"Validation failed: Text character limit of 500 exceeded"},"_links":{"self":[{"href":"https:\/\/www.europesays.com\/ee\/wp-json\/wp\/v2\/posts\/157613","targetHints":{"allow":["GET"]}}],"collection":[{"href":"https:\/\/www.europesays.com\/ee\/wp-json\/wp\/v2\/posts"}],"about":[{"href":"https:\/\/www.europesays.com\/ee\/wp-json\/wp\/v2\/types\/post"}],"author":[{"embeddable":true,"href":"https:\/\/www.europesays.com\/ee\/wp-json\/wp\/v2\/users\/2"}],"replies":[{"embeddable":true,"href":"https:\/\/www.europesays.com\/ee\/wp-json\/wp\/v2\/comments?post=157613"}],"version-history":[{"count":0,"href":"https:\/\/www.europesays.com\/ee\/wp-json\/wp\/v2\/posts\/157613\/revisions"}],"wp:featuredmedia":[{"embeddable":true,"href":"https:\/\/www.europesays.com\/ee\/wp-json\/wp\/v2\/media\/157614"}],"wp:attachment":[{"href":"https:\/\/www.europesays.com\/ee\/wp-json\/wp\/v2\/media?parent=157613"}],"wp:term":[{"taxonomy":"category","embeddable":true,"href":"https:\/\/www.europesays.com\/ee\/wp-json\/wp\/v2\/categories?post=157613"},{"taxonomy":"post_tag","embeddable":true,"href":"https:\/\/www.europesays.com\/ee\/wp-json\/wp\/v2\/tags?post=157613"}],"curies":[{"name":"wp","href":"https:\/\/api.w.org\/{rel}","templated":true}]}}