{"id":157697,"date":"2026-04-20T02:35:08","date_gmt":"2026-04-20T02:35:08","guid":{"rendered":"https:\/\/www.europesays.com\/ee\/157697\/"},"modified":"2026-04-20T02:35:08","modified_gmt":"2026-04-20T02:35:08","slug":"ath-ja-autism-toovad-tooellu-uusi-reegleid-tooandja-vastutus-kasvab-2","status":"publish","type":"post","link":"https:\/\/www.europesays.com\/ee\/157697\/","title":{"rendered":"ATH ja autism toovad t\u00f6\u00f6ellu uusi reegleid. T\u00f6\u00f6andja vastutus kasvab"},"content":{"rendered":"<p>Kui 2020. aastal oli neid ligi 3500, siis 2024. aastal \u00fcle 12 800. See t\u00e4hendab, et \u00fcha enam ATH, Aspergeri s\u00fcndroomi, <a rel=\"noopener nofollow\" target=\"_blank\" href=\"https:\/\/www.delfi.ee\/teema\/47013140\/autism\" tag-id=\"47013140\">autismi<\/a> ja muude <a rel=\"noopener nofollow\" target=\"_blank\" href=\"https:\/\/www.delfi.ee\/teema\/96942168\/neuroerinevus\" tag-id=\"96942168\">neuroerinevustega<\/a> inimesi on t\u00f6\u00f6turul ning seet\u00f5ttu peavad t\u00f6\u00f6andjad tegelema hulga praktiliste ja juriidiliste k\u00fcsimustega.<\/p>\n<p>Inimene, kel on m\u00f5ni neuroerinevus diagnoositud, ei pea sellest t\u00f6\u00f6andjale teada andma, ent \u00fcha enam antakse. Ja sel juhul on t\u00f6\u00f6andja kohustatud teatud aspektidega arvestama.  <\/p>\n","protected":false},"excerpt":{"rendered":"Kui 2020. aastal oli neid ligi 3500, siis 2024. aastal \u00fcle 12 800. See t\u00e4hendab, et \u00fcha enam&hellip;\n","protected":false},"author":2,"featured_media":157695,"comment_status":"","ping_status":"","sticky":false,"template":"","format":"standard","meta":{"footnotes":"","_share_on_mastodon":"0"},"categories":[12],"tags":[3839,2540,26,27,37,33,4526,35,15009,34,36,31,32,21,46232,28,29,74230,19,25,2275,23,24,22,20,30,18624],"class_list":["post-157697","post","type-post","status-publish","format-standard","has-post-thumbnail","category-eesti","tag-ath","tag-autism","tag-breaking-news","tag-breakingnews","tag-ee","tag-eesti","tag-eesti-energia","tag-eesti-keel","tag-erivajadus","tag-estonia","tag-estonian","tag-featured-news","tag-featurednews","tag-headlines","tag-kohtupraktika","tag-latest-news","tag-latestnews","tag-neuroerinevus","tag-news","tag-populaarseimad-lood","tag-swedbank","tag-top-stories","tag-topstories","tag-uldised-uudised","tag-uudised","tag-viimased-uudised","tag-wise"],"share_on_mastodon":{"url":"https:\/\/pubeurope.com\/@ee\/116434706401687998","error":""},"_links":{"self":[{"href":"https:\/\/www.europesays.com\/ee\/wp-json\/wp\/v2\/posts\/157697","targetHints":{"allow":["GET"]}}],"collection":[{"href":"https:\/\/www.europesays.com\/ee\/wp-json\/wp\/v2\/posts"}],"about":[{"href":"https:\/\/www.europesays.com\/ee\/wp-json\/wp\/v2\/types\/post"}],"author":[{"embeddable":true,"href":"https:\/\/www.europesays.com\/ee\/wp-json\/wp\/v2\/users\/2"}],"replies":[{"embeddable":true,"href":"https:\/\/www.europesays.com\/ee\/wp-json\/wp\/v2\/comments?post=157697"}],"version-history":[{"count":0,"href":"https:\/\/www.europesays.com\/ee\/wp-json\/wp\/v2\/posts\/157697\/revisions"}],"wp:featuredmedia":[{"embeddable":true,"href":"https:\/\/www.europesays.com\/ee\/wp-json\/wp\/v2\/media\/157695"}],"wp:attachment":[{"href":"https:\/\/www.europesays.com\/ee\/wp-json\/wp\/v2\/media?parent=157697"}],"wp:term":[{"taxonomy":"category","embeddable":true,"href":"https:\/\/www.europesays.com\/ee\/wp-json\/wp\/v2\/categories?post=157697"},{"taxonomy":"post_tag","embeddable":true,"href":"https:\/\/www.europesays.com\/ee\/wp-json\/wp\/v2\/tags?post=157697"}],"curies":[{"name":"wp","href":"https:\/\/api.w.org\/{rel}","templated":true}]}}