{"id":157882,"date":"2026-04-20T07:50:08","date_gmt":"2026-04-20T07:50:08","guid":{"rendered":"https:\/\/www.europesays.com\/ee\/157882\/"},"modified":"2026-04-20T07:50:08","modified_gmt":"2026-04-20T07:50:08","slug":"filmiuurijate-selts-valis-auliikmeks-lauri-karki-film","status":"publish","type":"post","link":"https:\/\/www.europesays.com\/ee\/157882\/","title":{"rendered":"Filmiuurijate selts valis auliikmeks Lauri K\u00e4rki | Film"},"content":{"rendered":"<p>Eesti Filmiuurijate Selts valis \u00fcldkoosolekul seltsi auliikmeks filmiajaloolase ja -kriitiku Lauri K\u00e4rki, tunnustades tema pikaajalist tegevust Eesti filmiuurimise arendamisel.<\/p>\n<p>Filmiuurijate seltsi juhatuse liikme Teisi Ligi s\u00f5nul on Lauri K\u00e4rki roll Eesti filmiteaduse kujunemisel olnud v\u00e4ga oluline. &#8220;Ja mitte ainult Eesti, sest kui vaadata, millest K\u00e4rk on kirjutanud, siis see ulatub meie varasest filmiloost ja filmiklassikast Tarkovski, Fellini, Visconti ning prantsuse uue laine filmidest Ameerika autorikino ja suurte Hollywoodi filmideni.&#8221; Ligi s\u00f5nul iseloomustab tema tekste p\u00f5hjalikkus ja v\u00e4ga hea kirjutamisoskus, mist\u00f5ttu on need j\u00e4tkuvalt olulised nii uurijatele, tudengitele kui ka lihtsalt filmihuvilistele.<\/p>\n<p>K\u00e4rki on varasemaltki tunnustatud mitmete auhindadega, sealhulgas Eesti Filmiajakirjanike \u00dchingu filmikirjanduse aastapreemiaga 2000. aastal ja Eesti Kultuurkapitali filmikriitika auhinnaga 1995. aastal. Samuti on ta p\u00e4lvinud korduvalt tunnustust v\u00e4ljaannetelt Teater. Muusika. Kino, Sirp ja Postimees, ning saanud kolmel korral Eesti Kinoliidu kriitikapreemia.<\/p>\n<p>Lauri K\u00e4rk on avaldanud enam kui 500 filmialast kirjutist, t\u00f6\u00f6tanud filmitoimetajana Tallinnfilmis ning \u00f5petanud aastaid Tartu \u00dclikoolis filmiajalugu. Lisaks uurimis- ja kriitikat\u00f6\u00f6le on K\u00e4rk olnud tegev mitmes Eesti audiovisuaalkultuuri jaoks olulises rollis, olles muu hulgas Eesti Filmi Instituudi n\u00f5ukogu aseesimees, Eesti Kultuurkapitali audiovisuaalse kunsti sihtkapitali n\u00f5ukogu liige ja esimees ning riiklike kultuuripreemiate komisjoni liige.\u00a0<\/p>\n<p>Eesti Filmiuurijate Seltsi eesm\u00e4rgiks on koondada Eesti filmi ja audiovisuaalkultuuri uurijaid, edendada filmiuurimisalast haridust ja populariseerida filmiteadust laiemalt.<\/p>\n","protected":false},"excerpt":{"rendered":"Eesti Filmiuurijate Selts valis \u00fcldkoosolekul seltsi auliikmeks filmiajaloolase ja -kriitiku Lauri K\u00e4rki, tunnustades tema pikaajalist tegevust Eesti filmiuurimise&hellip;\n","protected":false},"author":2,"featured_media":157883,"comment_status":"","ping_status":"","sticky":false,"template":"","format":"standard","meta":{"footnotes":"","_share_on_mastodon":"0"},"categories":[16],"tags":[37,33,74317,35,173,34,36,74316,140],"class_list":["post-157882","post","type-post","status-publish","format-standard","has-post-thumbnail","category-meelelahutus","tag-ee","tag-eesti","tag-eesti-filmiuurijate-selts","tag-eesti-keel","tag-entertainment","tag-estonia","tag-estonian","tag-lauri-kark","tag-meelelahutus"],"share_on_mastodon":{"url":"https:\/\/pubeurope.com\/@ee\/116435945373872210","error":""},"_links":{"self":[{"href":"https:\/\/www.europesays.com\/ee\/wp-json\/wp\/v2\/posts\/157882","targetHints":{"allow":["GET"]}}],"collection":[{"href":"https:\/\/www.europesays.com\/ee\/wp-json\/wp\/v2\/posts"}],"about":[{"href":"https:\/\/www.europesays.com\/ee\/wp-json\/wp\/v2\/types\/post"}],"author":[{"embeddable":true,"href":"https:\/\/www.europesays.com\/ee\/wp-json\/wp\/v2\/users\/2"}],"replies":[{"embeddable":true,"href":"https:\/\/www.europesays.com\/ee\/wp-json\/wp\/v2\/comments?post=157882"}],"version-history":[{"count":0,"href":"https:\/\/www.europesays.com\/ee\/wp-json\/wp\/v2\/posts\/157882\/revisions"}],"wp:featuredmedia":[{"embeddable":true,"href":"https:\/\/www.europesays.com\/ee\/wp-json\/wp\/v2\/media\/157883"}],"wp:attachment":[{"href":"https:\/\/www.europesays.com\/ee\/wp-json\/wp\/v2\/media?parent=157882"}],"wp:term":[{"taxonomy":"category","embeddable":true,"href":"https:\/\/www.europesays.com\/ee\/wp-json\/wp\/v2\/categories?post=157882"},{"taxonomy":"post_tag","embeddable":true,"href":"https:\/\/www.europesays.com\/ee\/wp-json\/wp\/v2\/tags?post=157882"}],"curies":[{"name":"wp","href":"https:\/\/api.w.org\/{rel}","templated":true}]}}