{"id":157884,"date":"2026-04-20T07:51:12","date_gmt":"2026-04-20T07:51:12","guid":{"rendered":"https:\/\/www.europesays.com\/ee\/157884\/"},"modified":"2026-04-20T07:51:12","modified_gmt":"2026-04-20T07:51:12","slug":"meistrid-kakaduu-kapist-valla-paastnud-muncheni-bayern-vormistas-kuue-minutiga-ametlikult-selle-mis-ammu-selge-soccernet-ee","status":"publish","type":"post","link":"https:\/\/www.europesays.com\/ee\/157884\/","title":{"rendered":"Meistrid! Kakaduu kapist valla p\u00e4\u00e4stnud M\u00fcncheni Bayern vormistas kuue minutiga ametlikult selle, mis ammu selge &#8211; Soccernet.ee"},"content":{"rendered":"<p><img decoding=\"async\" src=\"https:\/\/www.europesays.com\/ee\/wp-content\/uploads\/2026\/04\/1776622085.jpg\" alt=\"Leon Goretzka n\u00e4itab f\u00e4nnidele portselanist kakaduud, kellest on aastaga saanud Bayerni tiitlipeo t\u00e4isv\u00e4\u00e4rtuslik osaline. Foto: Scanpix \/ Markus Fischer \/ Picture Alliance \/ Witters\"\/>&#13;\n<\/p>\n<p>M\u00fcncheni Bayern on t\u00e4navune Saksamaa meister. See sai ametlikult selgeks neli vooru enne hooaja l\u00f5ppu, kui koduplatsil oldi 4:2 paremad Stuttgartist.<\/p>\n<p>Bayernile ulatas laup\u00e4eval \u00f5htul tiitli v\u00f5tmed Hoffenheimi r\u00fcndaja Andrej Kramaric, kes realiseeris 90+8. minutil Dortmundi Borussia vastu penalti, kindlustas omadele 2:1 v\u00f5idu ja tagas \u00fchtlasi selle, et kahe liidri vahe j\u00e4i tabelis pidama 12 punktile. See t\u00e4hendas, et Bayernile piisanuks p\u00fchap\u00e4eval koduplatsil ka viigist, ent m\u00f5istagi sooviti tiitli kindlustamist t\u00e4histada v\u00f5iduga.&#13;\n<\/p>\n<p>Esialgu ei pidanud k\u00fclalised siiski stsenaariumist kinni ja asusid Chris F\u00fchrichi tabamusest ise juhtima. Bayern mahutas olukorra maharahustamise \u00f5ige pea vaid kuue minuti sisse, sest esmalt l\u00f5i Raphael Guerreiro 1:1, vaid kaks minutit hiljem tuli Nicolas Jacksonilt juba 2:1 ja sellest omakorda neli minutit hiljem Alphonso Davieselt 3:1. Teise poolaja alguses lisas pingilt t\u00f5usnud Harry Kane oma kohustusliku tabamusega neljandagi ning Stuttgarti poolkaitsja Chema Andres sai l\u00f5puminutitel vaid seisu vormistamise au.&#13;\n<\/p>\n<blockquote class=\"twitter-tweet\"><p>&#13;<\/p>\n<p lang=\"en\" dir=\"ltr\">\ud83c\udfc6 \ud835\udc6b\ud835\udc6c\ud835\udc7c\ud835\udc7b\ud835\udc7a\ud835\udc6a\ud835\udc6f\ud835\udc6c\ud835\udc79 \ud835\udc74\ud835\udc6c\ud835\udc70\ud835\udc7a\ud835\udc7b\ud835\udc6c\ud835\udc79 \ud835\udfd0\ud835\udfce\ud835\udfd0\ud835\udfd4 \ud83d\udd34\u26aa\ufe0f <\/p>\n<p>For this badge, for these colours! \u2764\ufe0f\ud83e\udd0d <a href=\"https:\/\/t.co\/J5Xcn9gkFh\" rel=\"nofollow\">pic.twitter.com\/J5Xcn9gkFh<\/a>&#13;<br \/>\n\u2014 FC Bayern (@FCBayernEN) <a href=\"https:\/\/twitter.com\/FCBayernEN\/status\/2045917090696007818?ref_src=twsrc%5Etfw\" rel=\"nofollow noopener\" target=\"_blank\">April 19, 2026<\/a><\/p>\n<\/blockquote>\n<p>Bayern krooniti Saksamaa meistriks juba 35. korda, edu j\u00e4rgmiste ees on selles arvestuses m\u00e4ek\u00f5rgune &#8211; N\u00fcrnbergil on tiitleid \u00fcheksa, Dortmundil kaheksa ja Schalkel seitse. Viimasest 14 hooajast on Bayernile tiitliga l\u00f5ppenud koguni 13, ainus iluviga lipsas sisse 2024. aastal, kui esikoht loovutati Leverkusenile.&#13;\n<\/p>\n<p>\u00dchtlasi kasvatatakse iga m\u00e4nguga v\u00f5imsalt v\u00e4ravarekordit, mis eelmises voorus St. Paulit alistades \u00fcletati. Bayern on sel hooajal saanud 30 liigam\u00e4nguga kirja 109 tabamust ehk keskmiselt \u00fcle kolme ja poole v\u00e4rava m\u00e4ngu kohta. Senine rekord kuulus 101 v\u00e4ravaga 1972. aastast ei kellelegi teisele kui Bayernile endale.<\/p>\n<p>Liiga parim v\u00e4ravak\u00fctt Kane hellitab veel \u00f5hk\u00f5rna lootust p\u00fc\u00fcda Robert Lewandowski tippmarki hooajast 2020-21 ehk 41 v\u00e4ravat, samas on tal praegu kirjas 32 tabamust ehk nelja viimase vooruga peaks neid lisanduma veel \u00fcheksa. Seejuures on Kane viimasel ajal sekkunud pigem pingilt, sest teda hoitakse Meistrite liigaks. \u00c4sja veerandfinaalis dramaatiliselt Real Madridi kohvreid pakkima saatnud Bayern kohtub poolfinaalis tiitlikaitsja PSG-ga.&#13;\n<\/p>\n<p>Tiitli t\u00e4histamise k\u00e4igus toodi taas v\u00e4lja portselanist kakaduukuju, mis omandas ootamatu t\u00e4henduse mulluste tiitlipidustuste k\u00e4igus. Toona kindlustati meistriks tulek paar vooru enne hooaja l\u00f5ppu t\u00e4nu Leverkuseni 2:2 viigile ja meeskond t\u00e4histas seda K\u00e4feri restoranis. Keegi \u00fclemeelikus tujus olnud pidutsejatest m\u00e4rkas linnukuju ja haaras selle kaasa. Lahke restoraniomanik lubas neil kujukese endale j\u00e4tta ning t\u00e4navu tehti sellest juba tiitlipeo ametlik osaline, kes leidis tee ka meeskonna meistris\u00e4rkidele.&#13;\n<\/p>\n<blockquote class=\"twitter-tweet\"><p>&#13;<\/p>\n<p lang=\"en\" dir=\"ltr\">No words can describe this feeling \u2764\ufe0f\ud83c\udfc6 <a href=\"https:\/\/t.co\/ZgOg3po17w\" rel=\"nofollow\">pic.twitter.com\/ZgOg3po17w<\/a>&#13;<br \/>\n\u2014 FC Bayern (@FCBayernEN) <a href=\"https:\/\/twitter.com\/FCBayernEN\/status\/2045924937836192074?ref_src=twsrc%5Etfw\" rel=\"nofollow noopener\" target=\"_blank\">April 19, 2026<\/a><\/p>\n<\/blockquote>\n<blockquote class=\"twitter-tweet\"><p>&#13;<\/p>\n<p lang=\"en\" dir=\"ltr\">SCENES! \ud83d\ude0d <a href=\"https:\/\/t.co\/3an4f0vt71\" rel=\"nofollow\">pic.twitter.com\/3an4f0vt71<\/a>&#13;<br \/>\n\u2014 FC Bayern (@FCBayernEN) <a href=\"https:\/\/twitter.com\/FCBayernEN\/status\/2045929038301073556?ref_src=twsrc%5Etfw\" rel=\"nofollow noopener\" target=\"_blank\">April 19, 2026<\/a><\/p>\n<\/blockquote>\n<blockquote class=\"twitter-tweet\"><p>&#13;<\/p>\n<p lang=\"en\" dir=\"ltr\">You\u2019ve got to love the BOSS! \ud83e\udd79\ud83d\udd25 <a href=\"https:\/\/t.co\/Q1fDgRV6lL\" rel=\"nofollow\">pic.twitter.com\/Q1fDgRV6lL<\/a>&#13;<br \/>\n\u2014 FC Bayern (@FCBayernEN) <a href=\"https:\/\/twitter.com\/FCBayernEN\/status\/2045934853711892910?ref_src=twsrc%5Etfw\" rel=\"nofollow noopener\" target=\"_blank\">April 19, 2026<\/a><\/p>\n<\/blockquote>\n<blockquote class=\"twitter-tweet\"><p>&#13;<\/p>\n<p lang=\"de\" dir=\"ltr\">35 &amp; 13 &#8211; Der FC Bayern M\u00fcnchen gewinnt zum 35. Mal die Deutsche Meisterschaft, darunter in 13 der letzten 14 Saisons. Kr\u00f6nung. <a href=\"https:\/\/twitter.com\/FCBayern?ref_src=twsrc%5Etfw\" rel=\"nofollow noopener\" target=\"_blank\">@FCBayern<\/a> <a href=\"https:\/\/t.co\/k8udhTlatr\" rel=\"nofollow\">pic.twitter.com\/k8udhTlatr<\/a>&#13;<br \/>\n\u2014 OptaFranz (@OptaFranz) <a href=\"https:\/\/twitter.com\/OptaFranz\/status\/2045916466688536625?ref_src=twsrc%5Etfw\" rel=\"nofollow noopener\" target=\"_blank\">April 19, 2026<\/a><\/p>\n<\/blockquote>\n<p>Tabeli teises otsas pidi m\u00f5ru pilli alla neelama punane latern Heidenheim. V\u00f5\u00f5rsil j\u00e4\u00e4di Maximilian Eggesteini 83. minuti tabamusest 1:2 alla Freiburgile ja liigatabelis ollakse endiselt viimased, p\u00e4\u00e4stvast joonest ehk Karol Metsa t\u00f6\u00f6andjast St. Paulist seitsme punkti kaugusel.&#13;\n<\/p>\n<p><script async src=\"https:\/\/platform.twitter.com\/widgets.js\" charset=\"utf-8\"><\/script><\/p>\n","protected":false},"excerpt":{"rendered":"&#13; M\u00fcncheni Bayern on t\u00e4navune Saksamaa meister. See sai ametlikult selgeks neli vooru enne hooaja l\u00f5ppu, kui koduplatsil&hellip;\n","protected":false},"author":2,"featured_media":157885,"comment_status":"","ping_status":"","sticky":false,"template":"","format":"standard","meta":{"footnotes":"","_share_on_mastodon":"0"},"categories":[18],"tags":[525,527,37,33,35,34,36,528,1708,531,535,537,538,51,159,158,1003],"class_list":["post-157884","post","type-post","status-publish","format-standard","has-post-thumbnail","category-sport","tag-bayern","tag-bundesliga","tag-ee","tag-eesti","tag-eesti-keel","tag-estonia","tag-estonian","tag-freiburg","tag-gladbach","tag-heidenheim","tag-kane","tag-mainz","tag-muncheni-bayern","tag-saksamaa","tag-sport","tag-sports","tag-stuttgart"],"share_on_mastodon":{"url":"https:\/\/pubeurope.com\/@ee\/116435949038529285","error":""},"_links":{"self":[{"href":"https:\/\/www.europesays.com\/ee\/wp-json\/wp\/v2\/posts\/157884","targetHints":{"allow":["GET"]}}],"collection":[{"href":"https:\/\/www.europesays.com\/ee\/wp-json\/wp\/v2\/posts"}],"about":[{"href":"https:\/\/www.europesays.com\/ee\/wp-json\/wp\/v2\/types\/post"}],"author":[{"embeddable":true,"href":"https:\/\/www.europesays.com\/ee\/wp-json\/wp\/v2\/users\/2"}],"replies":[{"embeddable":true,"href":"https:\/\/www.europesays.com\/ee\/wp-json\/wp\/v2\/comments?post=157884"}],"version-history":[{"count":0,"href":"https:\/\/www.europesays.com\/ee\/wp-json\/wp\/v2\/posts\/157884\/revisions"}],"wp:featuredmedia":[{"embeddable":true,"href":"https:\/\/www.europesays.com\/ee\/wp-json\/wp\/v2\/media\/157885"}],"wp:attachment":[{"href":"https:\/\/www.europesays.com\/ee\/wp-json\/wp\/v2\/media?parent=157884"}],"wp:term":[{"taxonomy":"category","embeddable":true,"href":"https:\/\/www.europesays.com\/ee\/wp-json\/wp\/v2\/categories?post=157884"},{"taxonomy":"post_tag","embeddable":true,"href":"https:\/\/www.europesays.com\/ee\/wp-json\/wp\/v2\/tags?post=157884"}],"curies":[{"name":"wp","href":"https:\/\/api.w.org\/{rel}","templated":true}]}}