{"id":158242,"date":"2026-04-20T14:49:10","date_gmt":"2026-04-20T14:49:10","guid":{"rendered":"https:\/\/www.europesays.com\/ee\/158242\/"},"modified":"2026-04-20T14:49:10","modified_gmt":"2026-04-20T14:49:10","slug":"fotod-padjaklubi-naaseb-ekraanile-uue-hooaja-esilinastus-toi-kinno-sarja-fanniarmee","status":"publish","type":"post","link":"https:\/\/www.europesays.com\/ee\/158242\/","title":{"rendered":"FOTOD | \u201ePadjaklubi\u201c naaseb ekraanile! Uue hooaja esilinastus t\u00f5i kinno sarja f\u00e4nniarmee"},"content":{"rendered":"<p>Uus hooaeg viib \u201ePadjaklubi\u201c peategelased Laura, Mi\u0161a, Kristina ja Maria \u00fcle aastate taas kokku \u2013 sedapuhku p\u00e4ikeselises Hispaanias. Endised \u201et\u00fcdrukud\u201c on n\u00fc\u00fcd 40. eluaastale l\u00e4henevad naised, kellel on k\u00fcll elukogemust ja saavutusi, kuid hinges tunne, et midagi olulist on puudu. Laural on puudu raha, et aidata oma elukaaslast Christiani, Mi\u0161a igatseb last, Maria otsib armastust ning Kristina unistab selgeltn\u00e4gemisv\u00f5imetest. Kui nad Hispaanias n\u00e4iliselt s\u00fc\u00fctu naljana \u00fche rituaali l\u00e4bi viivad, hakkavad nende soovid ootamatult t\u00e4ituma\u2026 kuid t\u00e4iesti valel moel.<\/p>\n<p>T\u00e4ispikkuses galerii on n\u00e4htav Delfi kogupaketi tellijatele. <\/p>\n<p>Oled juba tellija?Logi sisse<\/p>\n<p><a href=\"https:\/\/kroonika.delfi.ee\/artikkel\/120569864\/fotod-padjaklubi-naaseb-ekraanile-uue-hooaja-esilinastus-toi-kinno-sarja-fanniarmee\/kommentaarid\" class=\"article-body-bottom__comment article-body-bottom__comment--write button button--primary button--size-auto\" rel=\"nofollow noopener\" target=\"_blank\"> Kommenteeri <\/a><a href=\"https:\/\/kroonika.delfi.ee\/artikkel\/120569864\/fotod-padjaklubi-naaseb-ekraanile-uue-hooaja-esilinastus-toi-kinno-sarja-fanniarmee\/kommentaarid\" class=\"article-body-bottom__comment article-body-bottom__comment--read button button--size-auto\" rel=\"nofollow noopener\" target=\"_blank\"> Loe kommentaare (2)<\/a><\/p>\n","protected":false},"excerpt":{"rendered":"Uus hooaeg viib \u201ePadjaklubi\u201c peategelased Laura, Mi\u0161a, Kristina ja Maria \u00fcle aastate taas kokku \u2013 sedapuhku p\u00e4ikeselises Hispaanias.&hellip;\n","protected":false},"author":2,"featured_media":158243,"comment_status":"","ping_status":"","sticky":false,"template":"","format":"standard","meta":{"footnotes":"","_share_on_mastodon":"0"},"categories":[16],"tags":[37,33,35,173,34,36,1597,41029,41028,7253,140,41549],"class_list":["post-158242","post","type-post","status-publish","format-standard","has-post-thumbnail","category-meelelahutus","tag-ee","tag-eesti","tag-eesti-keel","tag-entertainment","tag-estonia","tag-estonian","tag-grete-kuld","tag-katariina-libe","tag-kertu-moppel","tag-kristel-aaslaid","tag-meelelahutus","tag-padjaklubi"],"share_on_mastodon":{"url":"https:\/\/pubeurope.com\/@ee\/116437592758859623","error":""},"_links":{"self":[{"href":"https:\/\/www.europesays.com\/ee\/wp-json\/wp\/v2\/posts\/158242","targetHints":{"allow":["GET"]}}],"collection":[{"href":"https:\/\/www.europesays.com\/ee\/wp-json\/wp\/v2\/posts"}],"about":[{"href":"https:\/\/www.europesays.com\/ee\/wp-json\/wp\/v2\/types\/post"}],"author":[{"embeddable":true,"href":"https:\/\/www.europesays.com\/ee\/wp-json\/wp\/v2\/users\/2"}],"replies":[{"embeddable":true,"href":"https:\/\/www.europesays.com\/ee\/wp-json\/wp\/v2\/comments?post=158242"}],"version-history":[{"count":0,"href":"https:\/\/www.europesays.com\/ee\/wp-json\/wp\/v2\/posts\/158242\/revisions"}],"wp:featuredmedia":[{"embeddable":true,"href":"https:\/\/www.europesays.com\/ee\/wp-json\/wp\/v2\/media\/158243"}],"wp:attachment":[{"href":"https:\/\/www.europesays.com\/ee\/wp-json\/wp\/v2\/media?parent=158242"}],"wp:term":[{"taxonomy":"category","embeddable":true,"href":"https:\/\/www.europesays.com\/ee\/wp-json\/wp\/v2\/categories?post=158242"},{"taxonomy":"post_tag","embeddable":true,"href":"https:\/\/www.europesays.com\/ee\/wp-json\/wp\/v2\/tags?post=158242"}],"curies":[{"name":"wp","href":"https:\/\/api.w.org\/{rel}","templated":true}]}}